{"id":9357,"date":"2025-03-24T07:00:50","date_gmt":"2025-03-24T06:00:50","guid":{"rendered":"https:\/\/www.staedtebau-chemnitz.de\/?p=9357"},"modified":"2025-03-24T08:56:54","modified_gmt":"2025-03-24T07:56:54","slug":"die-mobilitaetsgerechte-stadt-ein-zukunftsmodell-fuer-alle-generationen","status":"publish","type":"post","link":"https:\/\/www.staedtebau-chemnitz.de\/index.php\/die-mobilitaetsgerechte-stadt-ein-zukunftsmodell-fuer-alle-generationen\/","title":{"rendered":"Die mobilit\u00e4tsgerechte Stadt: Ein Zukunftsmodell f\u00fcr alle Generationen"},"content":{"rendered":"<div class=\"fusion-fullwidth fullwidth-box fusion-builder-row-1 fusion-flex-container has-pattern-background has-mask-background nonhundred-percent-fullwidth non-hundred-percent-height-scrolling\" style=\"--awb-border-radius-top-left:0px;--awb-border-radius-top-right:0px;--awb-border-radius-bottom-right:0px;--awb-border-radius-bottom-left:0px;--awb-flex-wrap:wrap;\" ><div class=\"fusion-builder-row fusion-row fusion-flex-align-items-flex-start fusion-flex-content-wrap\" style=\"max-width:1248px;margin-left: calc(-4% \/ 2 );margin-right: calc(-4% \/ 2 );\"><div class=\"fusion-layout-column fusion_builder_column fusion-builder-column-0 fusion_builder_column_1_1 1_1 fusion-flex-column\" style=\"--awb-bg-size:cover;--awb-width-large:100%;--awb-margin-top-large:0px;--awb-spacing-right-large:1.92%;--awb-margin-bottom-large:20px;--awb-spacing-left-large:1.92%;--awb-width-medium:100%;--awb-order-medium:0;--awb-spacing-right-medium:1.92%;--awb-spacing-left-medium:1.92%;--awb-width-small:100%;--awb-order-small:0;--awb-spacing-right-small:1.92%;--awb-spacing-left-small:1.92%;\"><div class=\"fusion-column-wrapper fusion-column-has-shadow fusion-flex-justify-content-flex-start fusion-content-layout-column\"><div class=\"fusion-text fusion-text-1\"><h5 data-pm-slice=\"1 1 &#091;&#093;\"><strong>Die mobilit\u00e4tsgerechte Stadt: Ein Zukunftsmodell f\u00fcr alle Generationen<\/strong><\/h5>\n<p data-pm-slice=\"1 1 &#091;&#093;\">St\u00e4dte stehen heute vor einer gro\u00dfen Herausforderung: Sie m\u00fcssen den Bed\u00fcrfnissen einer wachsenden Bev\u00f6lkerung gerecht werden, dabei aber umweltfreundlich, sicher und inklusiv bleiben. Eine mobilit\u00e4tsgerechte Stadt verfolgt genau dieses Ziel und setzt auf nachhaltige, effiziente und generationen\u00fcbergreifende Verkehrskonzepte. Doch was genau macht eine Stadt mobilit\u00e4tsgerecht? Welche Vorteile bietet sie, und wie k\u00f6nnen unterschiedliche Generationen von ihr profitieren?<\/p>\n<h5><strong>Die Merkmale einer mobilit\u00e4tsgerechten Stadt<\/strong><\/h5>\n<p>Eine mobilit\u00e4tsgerechte Stadt f\u00f6rdert nachhaltige Fortbewegungsm\u00f6glichkeiten und gestaltet ihren Raum so, dass alle Menschen \u2013 unabh\u00e4ngig von Alter oder k\u00f6rperlichen Voraussetzungen \u2013 bequem und sicher mobil sein k\u00f6nnen. Wichtige Merkmale sind:<\/p>\n<ul data-spread=\"false\">\n<li><strong>Fu\u00dfg\u00e4ngerfreundlichkeit:<\/strong> Breite Gehwege, sichere \u00dcberg\u00e4nge und verkehrsberuhigte Zonen sorgen f\u00fcr eine attraktive und sichere Umgebung.<\/li>\n<li><strong>Radverkehrsf\u00f6rderung:<\/strong> Gut ausgebaute Radwege, Fahrradparkpl\u00e4tze und Sharing-Systeme machen das Fahrrad zu einer echten Alternative zum Auto.<\/li>\n<li><strong>\u00d6ffentlicher Nahverkehr:<\/strong> Ein dichtes Netz an Bussen, Stra\u00dfenbahnen und U-Bahnen mit kurzen Taktzeiten garantiert eine bequeme und klimafreundliche Fortbewegung.<\/li>\n<li><strong>Barrierefreiheit:<\/strong> Aufz\u00fcge, abgesenkte Bordsteine und verst\u00e4ndliche Leitsysteme erm\u00f6glichen allen Menschen \u2013 auch mit Mobilit\u00e4tseinschr\u00e4nkungen \u2013 eine selbstbestimmte Bewegung.<\/li>\n<li><strong>Multimodale Angebote:<\/strong> Die Kombination aus verschiedenen Verkehrsmitteln, wie Carsharing, Fahrradverleih und \u00d6PNV, macht flexible und nachhaltige Mobilit\u00e4t einfacher.<\/li>\n<li><strong>Reduzierung des Autoverkehrs:<\/strong> Durch intelligente Verkehrsplanung, autofreie Zonen und Anreize f\u00fcr alternative Mobilit\u00e4tsformen werden Staus und Emissionen reduziert.<\/li>\n<\/ul>\n<h5><strong>Die Vorteile f\u00fcr alle Generationen<\/strong><\/h5>\n<p>Eine mobilit\u00e4tsgerechte Stadt bietet f\u00fcr jede Altersgruppe besondere Vorteile:<\/p>\n<ul data-spread=\"false\">\n<li><strong>Kinder und Jugendliche:<\/strong> Sicherere Schulwege, mehr Bewegungsfreiheit und eine kindgerechte Stadtgestaltung f\u00f6rdern Eigenst\u00e4ndigkeit und Gesundheit.<\/li>\n<li><strong>Erwerbst\u00e4tige:<\/strong> Effiziente Verkehrswege, zuverl\u00e4ssiger Nahverkehr und flexible Mobilit\u00e4tsangebote erm\u00f6glichen stressfreies Pendeln und sparen Zeit.<\/li>\n<li><strong>Senioren:<\/strong> Barrierefreie Infrastruktur, mehr Sitzgelegenheiten und ein gut ausgebauter \u00f6ffentlicher Nahverkehr erhalten die Unabh\u00e4ngigkeit und f\u00f6rdern soziale Teilhabe.<\/li>\n<\/ul>\n<h5><strong>Ma\u00dfnahmen zur Umsetzung<\/strong><\/h5>\n<p>Um St\u00e4dte mobilit\u00e4tsgerecht zu gestalten, sind gezielte Ma\u00dfnahmen notwendig:<\/p>\n<ol start=\"1\" data-spread=\"false\">\n<li><strong>Verkehrsberuhigung und Umgestaltung des \u00f6ffentlichen Raums:<\/strong> Mehr Platz f\u00fcr Fu\u00dfg\u00e4nger, weniger Parkfl\u00e4chen im Zentrum und verkehrsberuhigte Wohngebiete.<\/li>\n<li><strong>Investitionen in den \u00f6ffentlichen Nahverkehr:<\/strong> G\u00fcnstigere Tarife, bessere Taktungen und eine moderne Infrastruktur.<\/li>\n<li><strong>F\u00f6rderung nachhaltiger Mobilit\u00e4t:<\/strong> Ausbau von Radwegen, Sharing-Systemen und Park-and-Ride-Angeboten.<\/li>\n<li><strong>Technologieeinsatz f\u00fcr smarte Mobilit\u00e4t:<\/strong> Digitale Fahrpl\u00e4ne, Echtzeitdaten und Apps zur Mobilit\u00e4tsplanung verbessern die Nutzung von Verkehrsmitteln.<\/li>\n<li><strong>B\u00fcrgerbeteiligung und Aufkl\u00e4rung:<\/strong> Die Einbindung der Bev\u00f6lkerung in Verkehrsprojekte st\u00e4rkt die Akzeptanz und schafft bedarfsgerechte L\u00f6sungen.<\/li>\n<\/ol>\n<p><strong>Fazit: Die Stadt der Zukunft f\u00fcr alle<\/strong><\/p>\n<p>Eine mobilit\u00e4tsgerechte Stadt ist mehr als nur eine Stadt mit guter Verkehrsanbindung. Sie ist ein Lebensraum, der Umwelt, Gesundheit und soziale Teilhabe gleicherma\u00dfen f\u00f6rdert. Durch ein intelligentes Verkehrskonzept profitieren alle Generationen \u2013 von den Kleinsten bis zu den \u00c4ltesten \u2013 und tragen gemeinsam zu einer nachhaltigen und lebenswerten Zukunft bei. Jetzt ist die Zeit, unsere St\u00e4dte entsprechend zu gestalten!<\/p>\n<\/div><div class=\"fusion-testimonials classic fusion-testimonials-1\" style=\"--awb-textcolor:var(--awb-color8);--awb-backgroundcolor:var(--awb-color1);\" data-random=\"0\" data-speed=\"4000\"><div class=\"reviews\"><div class=\"review active-testimonial avatar-image\"><blockquote><q class=\"fusion-clearfix\"><\/q><\/blockquote><div class=\"author\"><span class=\"testimonial-thumbnail\"><img decoding=\"async\" class=\"testimonial-image\" src=\"https:\/\/www.staedtebau-chemnitz.de\/wp-content\/uploads\/2021\/03\/cropped-ICON.jpg\" width=\"512\" height=\"512\" alt=\"B\u00fcro f\u00fcr St\u00e4dtebau GmbH Chemnitz\" \/><\/span><span class=\"company-name\"><strong>B\u00fcro f\u00fcr St\u00e4dtebau GmbH Chemnitz<\/strong><\/span><\/div><\/div><\/div><\/div><div class=\"fusion-separator fusion-full-width-sep\" style=\"align-self: center;margin-left: auto;margin-right: auto;margin-bottom:20px;width:100%;\"><\/div><div ><a class=\"fusion-button button-flat fusion-button-default-size button-default fusion-button-default button-1 fusion-button-default-span fusion-button-default-type\" target=\"_self\" href=\"https:\/\/www.staedtebau-chemnitz.de\/index.php\/blog-2\/\"><span class=\"fusion-button-text\">Zur\u00fcck<\/span><\/a><\/div><div class=\"fusion-separator fusion-full-width-sep\" style=\"align-self: center;margin-left: auto;margin-right: auto;margin-bottom:20px;width:100%;\"><\/div><\/div><\/div><\/div><\/div>\n","protected":false},"excerpt":{"rendered":"","protected":false},"author":2,"featured_media":9599,"comment_status":"closed","ping_status":"open","sticky":false,"template":"","format":"standard","meta":{"inline_featured_image":false,"footnotes":""},"categories":[38],"tags":[],"class_list":["post-9357","post","type-post","status-publish","format-standard","has-post-thumbnail","hentry","category-trends-zukunftstadt"],"yoast_head":"<!-- This site is optimized with the Yoast SEO plugin v27.4 - https:\/\/yoast.com\/product\/yoast-seo-wordpress\/ -->\n<title>Die mobilit\u00e4tsgerechte Stadt: Ein Zukunftsmodell f\u00fcr alle Generationen - B\u00fcro f\u00fcr St\u00e4dtebau GmbH Chemnitz<\/title>\n<meta name=\"description\" content=\"St\u00e4dte stehen heute vor einer gro\u00dfen Herausforderung: Sie m\u00fcssen den Bed\u00fcrfnissen einer wachsenden Bev\u00f6lkerung gerecht werden, dabei aber umweltfreundlich, sicher und inklusiv bleiben. Eine mobilit\u00e4tsgerechte Stadt verfolgt genau dieses Ziel und setzt auf nachhaltige, effiziente und generationen\u00fcbergreifende Verkehrskonzepte. Doch was genau macht eine Stadt mobilit\u00e4tsgerecht? Welche Vorteile bietet sie, und wie k\u00f6nnen unterschiedliche Generationen von ihr profitieren?\" \/>\n<meta name=\"robots\" content=\"index, follow, max-snippet:-1, max-image-preview:large, max-video-preview:-1\" \/>\n<link rel=\"canonical\" href=\"https:\/\/www.staedtebau-chemnitz.de\/index.php\/die-mobilitaetsgerechte-stadt-ein-zukunftsmodell-fuer-alle-generationen\/\" \/>\n<meta property=\"og:locale\" content=\"de_DE\" \/>\n<meta property=\"og:type\" content=\"article\" \/>\n<meta property=\"og:title\" content=\"Die mobilit\u00e4tsgerechte Stadt: Ein Zukunftsmodell f\u00fcr alle Generationen - B\u00fcro f\u00fcr St\u00e4dtebau GmbH Chemnitz\" \/>\n<meta property=\"og:description\" content=\"St\u00e4dte stehen heute vor einer gro\u00dfen Herausforderung: Sie m\u00fcssen den Bed\u00fcrfnissen einer wachsenden Bev\u00f6lkerung gerecht werden, dabei aber umweltfreundlich, sicher und inklusiv bleiben. Eine mobilit\u00e4tsgerechte Stadt verfolgt genau dieses Ziel und setzt auf nachhaltige, effiziente und generationen\u00fcbergreifende Verkehrskonzepte. Doch was genau macht eine Stadt mobilit\u00e4tsgerecht? Welche Vorteile bietet sie, und wie k\u00f6nnen unterschiedliche Generationen von ihr profitieren?\" \/>\n<meta property=\"og:url\" content=\"https:\/\/www.staedtebau-chemnitz.de\/index.php\/die-mobilitaetsgerechte-stadt-ein-zukunftsmodell-fuer-alle-generationen\/\" \/>\n<meta property=\"og:site_name\" content=\"B\u00fcro f\u00fcr St\u00e4dtebau GmbH Chemnitz\" \/>\n<meta property=\"article:published_time\" content=\"2025-03-24T06:00:50+00:00\" \/>\n<meta property=\"article:modified_time\" content=\"2025-03-24T07:56:54+00:00\" \/>\n<meta property=\"og:image\" content=\"https:\/\/www.staedtebau-chemnitz.de\/wp-content\/uploads\/2025\/03\/train-3714601_1280.jpg\" \/>\n\t<meta property=\"og:image:width\" content=\"1280\" \/>\n\t<meta property=\"og:image:height\" content=\"815\" \/>\n\t<meta property=\"og:image:type\" content=\"image\/jpeg\" \/>\n<meta name=\"author\" content=\"B\u00fcro St\u00e4dtebau\" \/>\n<meta name=\"twitter:card\" content=\"summary_large_image\" \/>\n<meta name=\"twitter:label1\" content=\"Verfasst von\" \/>\n\t<meta name=\"twitter:data1\" content=\"B\u00fcro St\u00e4dtebau\" \/>\n\t<meta name=\"twitter:label2\" content=\"Gesch\u00e4tzte Lesezeit\" \/>\n\t<meta name=\"twitter:data2\" content=\"3\u00a0Minuten\" \/>\n<script type=\"application\/ld+json\" class=\"yoast-schema-graph\">{\"@context\":\"https:\\\/\\\/schema.org\",\"@graph\":[{\"@type\":\"Article\",\"@id\":\"https:\\\/\\\/www.staedtebau-chemnitz.de\\\/index.php\\\/die-mobilitaetsgerechte-stadt-ein-zukunftsmodell-fuer-alle-generationen\\\/#article\",\"isPartOf\":{\"@id\":\"https:\\\/\\\/www.staedtebau-chemnitz.de\\\/index.php\\\/die-mobilitaetsgerechte-stadt-ein-zukunftsmodell-fuer-alle-generationen\\\/\"},\"author\":{\"name\":\"B\u00fcro St\u00e4dtebau\",\"@id\":\"https:\\\/\\\/www.staedtebau-chemnitz.de\\\/#\\\/schema\\\/person\\\/c3fcd44a3690047f2b77986abb9c0ffb\"},\"headline\":\"Die mobilit\u00e4tsgerechte Stadt: Ein Zukunftsmodell f\u00fcr alle Generationen\",\"datePublished\":\"2025-03-24T06:00:50+00:00\",\"dateModified\":\"2025-03-24T07:56:54+00:00\",\"mainEntityOfPage\":{\"@id\":\"https:\\\/\\\/www.staedtebau-chemnitz.de\\\/index.php\\\/die-mobilitaetsgerechte-stadt-ein-zukunftsmodell-fuer-alle-generationen\\\/\"},\"wordCount\":1771,\"publisher\":{\"@id\":\"https:\\\/\\\/www.staedtebau-chemnitz.de\\\/#organization\"},\"image\":{\"@id\":\"https:\\\/\\\/www.staedtebau-chemnitz.de\\\/index.php\\\/die-mobilitaetsgerechte-stadt-ein-zukunftsmodell-fuer-alle-generationen\\\/#primaryimage\"},\"thumbnailUrl\":\"https:\\\/\\\/www.staedtebau-chemnitz.de\\\/wp-content\\\/uploads\\\/2025\\\/03\\\/train-3714601_1280.jpg\",\"articleSection\":[\"Trends \\\"ZukunftStadt\\\"\"],\"inLanguage\":\"de\"},{\"@type\":\"WebPage\",\"@id\":\"https:\\\/\\\/www.staedtebau-chemnitz.de\\\/index.php\\\/die-mobilitaetsgerechte-stadt-ein-zukunftsmodell-fuer-alle-generationen\\\/\",\"url\":\"https:\\\/\\\/www.staedtebau-chemnitz.de\\\/index.php\\\/die-mobilitaetsgerechte-stadt-ein-zukunftsmodell-fuer-alle-generationen\\\/\",\"name\":\"Die mobilit\u00e4tsgerechte Stadt: Ein Zukunftsmodell f\u00fcr alle Generationen - B\u00fcro f\u00fcr St\u00e4dtebau GmbH Chemnitz\",\"isPartOf\":{\"@id\":\"https:\\\/\\\/www.staedtebau-chemnitz.de\\\/#website\"},\"primaryImageOfPage\":{\"@id\":\"https:\\\/\\\/www.staedtebau-chemnitz.de\\\/index.php\\\/die-mobilitaetsgerechte-stadt-ein-zukunftsmodell-fuer-alle-generationen\\\/#primaryimage\"},\"image\":{\"@id\":\"https:\\\/\\\/www.staedtebau-chemnitz.de\\\/index.php\\\/die-mobilitaetsgerechte-stadt-ein-zukunftsmodell-fuer-alle-generationen\\\/#primaryimage\"},\"thumbnailUrl\":\"https:\\\/\\\/www.staedtebau-chemnitz.de\\\/wp-content\\\/uploads\\\/2025\\\/03\\\/train-3714601_1280.jpg\",\"datePublished\":\"2025-03-24T06:00:50+00:00\",\"dateModified\":\"2025-03-24T07:56:54+00:00\",\"description\":\"St\u00e4dte stehen heute vor einer gro\u00dfen Herausforderung: Sie m\u00fcssen den Bed\u00fcrfnissen einer wachsenden Bev\u00f6lkerung gerecht werden, dabei aber umweltfreundlich, sicher und inklusiv bleiben. Eine mobilit\u00e4tsgerechte Stadt verfolgt genau dieses Ziel und setzt auf nachhaltige, effiziente und generationen\u00fcbergreifende Verkehrskonzepte. Doch was genau macht eine Stadt mobilit\u00e4tsgerecht? Welche Vorteile bietet sie, und wie k\u00f6nnen unterschiedliche Generationen von ihr profitieren?\",\"breadcrumb\":{\"@id\":\"https:\\\/\\\/www.staedtebau-chemnitz.de\\\/index.php\\\/die-mobilitaetsgerechte-stadt-ein-zukunftsmodell-fuer-alle-generationen\\\/#breadcrumb\"},\"inLanguage\":\"de\",\"potentialAction\":[{\"@type\":\"ReadAction\",\"target\":[\"https:\\\/\\\/www.staedtebau-chemnitz.de\\\/index.php\\\/die-mobilitaetsgerechte-stadt-ein-zukunftsmodell-fuer-alle-generationen\\\/\"]}]},{\"@type\":\"ImageObject\",\"inLanguage\":\"de\",\"@id\":\"https:\\\/\\\/www.staedtebau-chemnitz.de\\\/index.php\\\/die-mobilitaetsgerechte-stadt-ein-zukunftsmodell-fuer-alle-generationen\\\/#primaryimage\",\"url\":\"https:\\\/\\\/www.staedtebau-chemnitz.de\\\/wp-content\\\/uploads\\\/2025\\\/03\\\/train-3714601_1280.jpg\",\"contentUrl\":\"https:\\\/\\\/www.staedtebau-chemnitz.de\\\/wp-content\\\/uploads\\\/2025\\\/03\\\/train-3714601_1280.jpg\",\"width\":1280,\"height\":815,\"caption\":\"Mobilit\u00e4tsgerechte Stadt B\u00fcro f\u00fcr St\u00e4dtebau GmbH Chemnitz\"},{\"@type\":\"BreadcrumbList\",\"@id\":\"https:\\\/\\\/www.staedtebau-chemnitz.de\\\/index.php\\\/die-mobilitaetsgerechte-stadt-ein-zukunftsmodell-fuer-alle-generationen\\\/#breadcrumb\",\"itemListElement\":[{\"@type\":\"ListItem\",\"position\":1,\"name\":\"Startseite\",\"item\":\"https:\\\/\\\/www.staedtebau-chemnitz.de\\\/\"},{\"@type\":\"ListItem\",\"position\":2,\"name\":\"Die mobilit\u00e4tsgerechte Stadt: Ein Zukunftsmodell f\u00fcr alle Generationen\"}]},{\"@type\":\"WebSite\",\"@id\":\"https:\\\/\\\/www.staedtebau-chemnitz.de\\\/#website\",\"url\":\"https:\\\/\\\/www.staedtebau-chemnitz.de\\\/\",\"name\":\"B\u00fcro f\u00fcr St\u00e4dtebau GmbH Chemnitz\",\"description\":\"ganzheitliche Stadtentwicklung Bauleitplanung l\u00e4ndliche Raumplanung\",\"publisher\":{\"@id\":\"https:\\\/\\\/www.staedtebau-chemnitz.de\\\/#organization\"},\"potentialAction\":[{\"@type\":\"SearchAction\",\"target\":{\"@type\":\"EntryPoint\",\"urlTemplate\":\"https:\\\/\\\/www.staedtebau-chemnitz.de\\\/?s={search_term_string}\"},\"query-input\":{\"@type\":\"PropertyValueSpecification\",\"valueRequired\":true,\"valueName\":\"search_term_string\"}}],\"inLanguage\":\"de\"},{\"@type\":\"Organization\",\"@id\":\"https:\\\/\\\/www.staedtebau-chemnitz.de\\\/#organization\",\"name\":\"B\u00fcro f\u00fcr St\u00e4dtebau GmbH Chemnitz\",\"url\":\"https:\\\/\\\/www.staedtebau-chemnitz.de\\\/\",\"logo\":{\"@type\":\"ImageObject\",\"inLanguage\":\"de\",\"@id\":\"https:\\\/\\\/www.staedtebau-chemnitz.de\\\/#\\\/schema\\\/logo\\\/image\\\/\",\"url\":\"https:\\\/\\\/www.staedtebau-chemnitz.de\\\/wp-content\\\/uploads\\\/2022\\\/05\\\/Logo_Staedtebau_4c.png\",\"contentUrl\":\"https:\\\/\\\/www.staedtebau-chemnitz.de\\\/wp-content\\\/uploads\\\/2022\\\/05\\\/Logo_Staedtebau_4c.png\",\"width\":1217,\"height\":1077,\"caption\":\"B\u00fcro f\u00fcr St\u00e4dtebau GmbH Chemnitz\"},\"image\":{\"@id\":\"https:\\\/\\\/www.staedtebau-chemnitz.de\\\/#\\\/schema\\\/logo\\\/image\\\/\"}},{\"@type\":\"Person\",\"@id\":\"https:\\\/\\\/www.staedtebau-chemnitz.de\\\/#\\\/schema\\\/person\\\/c3fcd44a3690047f2b77986abb9c0ffb\",\"name\":\"B\u00fcro St\u00e4dtebau\",\"image\":{\"@type\":\"ImageObject\",\"inLanguage\":\"de\",\"@id\":\"https:\\\/\\\/secure.gravatar.com\\\/avatar\\\/06c9af5c5d99de06803ff3c2392048a02af40bb42a0e069eb2419377299f378a?s=96&d=mm&r=g\",\"url\":\"https:\\\/\\\/secure.gravatar.com\\\/avatar\\\/06c9af5c5d99de06803ff3c2392048a02af40bb42a0e069eb2419377299f378a?s=96&d=mm&r=g\",\"contentUrl\":\"https:\\\/\\\/secure.gravatar.com\\\/avatar\\\/06c9af5c5d99de06803ff3c2392048a02af40bb42a0e069eb2419377299f378a?s=96&d=mm&r=g\",\"caption\":\"B\u00fcro St\u00e4dtebau\"},\"description\":\"B\u00fcro f\u00fcr St\u00e4dtebau\",\"url\":\"https:\\\/\\\/www.staedtebau-chemnitz.de\\\/index.php\\\/author\\\/bfsadmin\\\/\"}]}<\/script>\n<!-- \/ Yoast SEO plugin. -->","yoast_head_json":{"title":"Die mobilit\u00e4tsgerechte Stadt: Ein Zukunftsmodell f\u00fcr alle Generationen - B\u00fcro f\u00fcr St\u00e4dtebau GmbH Chemnitz","description":"St\u00e4dte stehen heute vor einer gro\u00dfen Herausforderung: Sie m\u00fcssen den Bed\u00fcrfnissen einer wachsenden Bev\u00f6lkerung gerecht werden, dabei aber umweltfreundlich, sicher und inklusiv bleiben. Eine mobilit\u00e4tsgerechte Stadt verfolgt genau dieses Ziel und setzt auf nachhaltige, effiziente und generationen\u00fcbergreifende Verkehrskonzepte. Doch was genau macht eine Stadt mobilit\u00e4tsgerecht? Welche Vorteile bietet sie, und wie k\u00f6nnen unterschiedliche Generationen von ihr profitieren?","robots":{"index":"index","follow":"follow","max-snippet":"max-snippet:-1","max-image-preview":"max-image-preview:large","max-video-preview":"max-video-preview:-1"},"canonical":"https:\/\/www.staedtebau-chemnitz.de\/index.php\/die-mobilitaetsgerechte-stadt-ein-zukunftsmodell-fuer-alle-generationen\/","og_locale":"de_DE","og_type":"article","og_title":"Die mobilit\u00e4tsgerechte Stadt: Ein Zukunftsmodell f\u00fcr alle Generationen - B\u00fcro f\u00fcr St\u00e4dtebau GmbH Chemnitz","og_description":"St\u00e4dte stehen heute vor einer gro\u00dfen Herausforderung: Sie m\u00fcssen den Bed\u00fcrfnissen einer wachsenden Bev\u00f6lkerung gerecht werden, dabei aber umweltfreundlich, sicher und inklusiv bleiben. Eine mobilit\u00e4tsgerechte Stadt verfolgt genau dieses Ziel und setzt auf nachhaltige, effiziente und generationen\u00fcbergreifende Verkehrskonzepte. Doch was genau macht eine Stadt mobilit\u00e4tsgerecht? Welche Vorteile bietet sie, und wie k\u00f6nnen unterschiedliche Generationen von ihr profitieren?","og_url":"https:\/\/www.staedtebau-chemnitz.de\/index.php\/die-mobilitaetsgerechte-stadt-ein-zukunftsmodell-fuer-alle-generationen\/","og_site_name":"B\u00fcro f\u00fcr St\u00e4dtebau GmbH Chemnitz","article_published_time":"2025-03-24T06:00:50+00:00","article_modified_time":"2025-03-24T07:56:54+00:00","og_image":[{"width":1280,"height":815,"url":"https:\/\/www.staedtebau-chemnitz.de\/wp-content\/uploads\/2025\/03\/train-3714601_1280.jpg","type":"image\/jpeg"}],"author":"B\u00fcro St\u00e4dtebau","twitter_card":"summary_large_image","twitter_misc":{"Verfasst von":"B\u00fcro St\u00e4dtebau","Gesch\u00e4tzte Lesezeit":"3\u00a0Minuten"},"schema":{"@context":"https:\/\/schema.org","@graph":[{"@type":"Article","@id":"https:\/\/www.staedtebau-chemnitz.de\/index.php\/die-mobilitaetsgerechte-stadt-ein-zukunftsmodell-fuer-alle-generationen\/#article","isPartOf":{"@id":"https:\/\/www.staedtebau-chemnitz.de\/index.php\/die-mobilitaetsgerechte-stadt-ein-zukunftsmodell-fuer-alle-generationen\/"},"author":{"name":"B\u00fcro St\u00e4dtebau","@id":"https:\/\/www.staedtebau-chemnitz.de\/#\/schema\/person\/c3fcd44a3690047f2b77986abb9c0ffb"},"headline":"Die mobilit\u00e4tsgerechte Stadt: Ein Zukunftsmodell f\u00fcr alle Generationen","datePublished":"2025-03-24T06:00:50+00:00","dateModified":"2025-03-24T07:56:54+00:00","mainEntityOfPage":{"@id":"https:\/\/www.staedtebau-chemnitz.de\/index.php\/die-mobilitaetsgerechte-stadt-ein-zukunftsmodell-fuer-alle-generationen\/"},"wordCount":1771,"publisher":{"@id":"https:\/\/www.staedtebau-chemnitz.de\/#organization"},"image":{"@id":"https:\/\/www.staedtebau-chemnitz.de\/index.php\/die-mobilitaetsgerechte-stadt-ein-zukunftsmodell-fuer-alle-generationen\/#primaryimage"},"thumbnailUrl":"https:\/\/www.staedtebau-chemnitz.de\/wp-content\/uploads\/2025\/03\/train-3714601_1280.jpg","articleSection":["Trends \"ZukunftStadt\""],"inLanguage":"de"},{"@type":"WebPage","@id":"https:\/\/www.staedtebau-chemnitz.de\/index.php\/die-mobilitaetsgerechte-stadt-ein-zukunftsmodell-fuer-alle-generationen\/","url":"https:\/\/www.staedtebau-chemnitz.de\/index.php\/die-mobilitaetsgerechte-stadt-ein-zukunftsmodell-fuer-alle-generationen\/","name":"Die mobilit\u00e4tsgerechte Stadt: Ein Zukunftsmodell f\u00fcr alle Generationen - B\u00fcro f\u00fcr St\u00e4dtebau GmbH Chemnitz","isPartOf":{"@id":"https:\/\/www.staedtebau-chemnitz.de\/#website"},"primaryImageOfPage":{"@id":"https:\/\/www.staedtebau-chemnitz.de\/index.php\/die-mobilitaetsgerechte-stadt-ein-zukunftsmodell-fuer-alle-generationen\/#primaryimage"},"image":{"@id":"https:\/\/www.staedtebau-chemnitz.de\/index.php\/die-mobilitaetsgerechte-stadt-ein-zukunftsmodell-fuer-alle-generationen\/#primaryimage"},"thumbnailUrl":"https:\/\/www.staedtebau-chemnitz.de\/wp-content\/uploads\/2025\/03\/train-3714601_1280.jpg","datePublished":"2025-03-24T06:00:50+00:00","dateModified":"2025-03-24T07:56:54+00:00","description":"St\u00e4dte stehen heute vor einer gro\u00dfen Herausforderung: Sie m\u00fcssen den Bed\u00fcrfnissen einer wachsenden Bev\u00f6lkerung gerecht werden, dabei aber umweltfreundlich, sicher und inklusiv bleiben. Eine mobilit\u00e4tsgerechte Stadt verfolgt genau dieses Ziel und setzt auf nachhaltige, effiziente und generationen\u00fcbergreifende Verkehrskonzepte. Doch was genau macht eine Stadt mobilit\u00e4tsgerecht? Welche Vorteile bietet sie, und wie k\u00f6nnen unterschiedliche Generationen von ihr profitieren?","breadcrumb":{"@id":"https:\/\/www.staedtebau-chemnitz.de\/index.php\/die-mobilitaetsgerechte-stadt-ein-zukunftsmodell-fuer-alle-generationen\/#breadcrumb"},"inLanguage":"de","potentialAction":[{"@type":"ReadAction","target":["https:\/\/www.staedtebau-chemnitz.de\/index.php\/die-mobilitaetsgerechte-stadt-ein-zukunftsmodell-fuer-alle-generationen\/"]}]},{"@type":"ImageObject","inLanguage":"de","@id":"https:\/\/www.staedtebau-chemnitz.de\/index.php\/die-mobilitaetsgerechte-stadt-ein-zukunftsmodell-fuer-alle-generationen\/#primaryimage","url":"https:\/\/www.staedtebau-chemnitz.de\/wp-content\/uploads\/2025\/03\/train-3714601_1280.jpg","contentUrl":"https:\/\/www.staedtebau-chemnitz.de\/wp-content\/uploads\/2025\/03\/train-3714601_1280.jpg","width":1280,"height":815,"caption":"Mobilit\u00e4tsgerechte Stadt B\u00fcro f\u00fcr St\u00e4dtebau GmbH Chemnitz"},{"@type":"BreadcrumbList","@id":"https:\/\/www.staedtebau-chemnitz.de\/index.php\/die-mobilitaetsgerechte-stadt-ein-zukunftsmodell-fuer-alle-generationen\/#breadcrumb","itemListElement":[{"@type":"ListItem","position":1,"name":"Startseite","item":"https:\/\/www.staedtebau-chemnitz.de\/"},{"@type":"ListItem","position":2,"name":"Die mobilit\u00e4tsgerechte Stadt: Ein Zukunftsmodell f\u00fcr alle Generationen"}]},{"@type":"WebSite","@id":"https:\/\/www.staedtebau-chemnitz.de\/#website","url":"https:\/\/www.staedtebau-chemnitz.de\/","name":"B\u00fcro f\u00fcr St\u00e4dtebau GmbH Chemnitz","description":"ganzheitliche Stadtentwicklung Bauleitplanung l\u00e4ndliche Raumplanung","publisher":{"@id":"https:\/\/www.staedtebau-chemnitz.de\/#organization"},"potentialAction":[{"@type":"SearchAction","target":{"@type":"EntryPoint","urlTemplate":"https:\/\/www.staedtebau-chemnitz.de\/?s={search_term_string}"},"query-input":{"@type":"PropertyValueSpecification","valueRequired":true,"valueName":"search_term_string"}}],"inLanguage":"de"},{"@type":"Organization","@id":"https:\/\/www.staedtebau-chemnitz.de\/#organization","name":"B\u00fcro f\u00fcr St\u00e4dtebau GmbH Chemnitz","url":"https:\/\/www.staedtebau-chemnitz.de\/","logo":{"@type":"ImageObject","inLanguage":"de","@id":"https:\/\/www.staedtebau-chemnitz.de\/#\/schema\/logo\/image\/","url":"https:\/\/www.staedtebau-chemnitz.de\/wp-content\/uploads\/2022\/05\/Logo_Staedtebau_4c.png","contentUrl":"https:\/\/www.staedtebau-chemnitz.de\/wp-content\/uploads\/2022\/05\/Logo_Staedtebau_4c.png","width":1217,"height":1077,"caption":"B\u00fcro f\u00fcr St\u00e4dtebau GmbH Chemnitz"},"image":{"@id":"https:\/\/www.staedtebau-chemnitz.de\/#\/schema\/logo\/image\/"}},{"@type":"Person","@id":"https:\/\/www.staedtebau-chemnitz.de\/#\/schema\/person\/c3fcd44a3690047f2b77986abb9c0ffb","name":"B\u00fcro St\u00e4dtebau","image":{"@type":"ImageObject","inLanguage":"de","@id":"https:\/\/secure.gravatar.com\/avatar\/06c9af5c5d99de06803ff3c2392048a02af40bb42a0e069eb2419377299f378a?s=96&d=mm&r=g","url":"https:\/\/secure.gravatar.com\/avatar\/06c9af5c5d99de06803ff3c2392048a02af40bb42a0e069eb2419377299f378a?s=96&d=mm&r=g","contentUrl":"https:\/\/secure.gravatar.com\/avatar\/06c9af5c5d99de06803ff3c2392048a02af40bb42a0e069eb2419377299f378a?s=96&d=mm&r=g","caption":"B\u00fcro St\u00e4dtebau"},"description":"B\u00fcro f\u00fcr St\u00e4dtebau","url":"https:\/\/www.staedtebau-chemnitz.de\/index.php\/author\/bfsadmin\/"}]}},"_links":{"self":[{"href":"https:\/\/www.staedtebau-chemnitz.de\/index.php\/wp-json\/wp\/v2\/posts\/9357","targetHints":{"allow":["GET"]}}],"collection":[{"href":"https:\/\/www.staedtebau-chemnitz.de\/index.php\/wp-json\/wp\/v2\/posts"}],"about":[{"href":"https:\/\/www.staedtebau-chemnitz.de\/index.php\/wp-json\/wp\/v2\/types\/post"}],"author":[{"embeddable":true,"href":"https:\/\/www.staedtebau-chemnitz.de\/index.php\/wp-json\/wp\/v2\/users\/2"}],"replies":[{"embeddable":true,"href":"https:\/\/www.staedtebau-chemnitz.de\/index.php\/wp-json\/wp\/v2\/comments?post=9357"}],"version-history":[{"count":8,"href":"https:\/\/www.staedtebau-chemnitz.de\/index.php\/wp-json\/wp\/v2\/posts\/9357\/revisions"}],"predecessor-version":[{"id":9600,"href":"https:\/\/www.staedtebau-chemnitz.de\/index.php\/wp-json\/wp\/v2\/posts\/9357\/revisions\/9600"}],"wp:featuredmedia":[{"embeddable":true,"href":"https:\/\/www.staedtebau-chemnitz.de\/index.php\/wp-json\/wp\/v2\/media\/9599"}],"wp:attachment":[{"href":"https:\/\/www.staedtebau-chemnitz.de\/index.php\/wp-json\/wp\/v2\/media?parent=9357"}],"wp:term":[{"taxonomy":"category","embeddable":true,"href":"https:\/\/www.staedtebau-chemnitz.de\/index.php\/wp-json\/wp\/v2\/categories?post=9357"},{"taxonomy":"post_tag","embeddable":true,"href":"https:\/\/www.staedtebau-chemnitz.de\/index.php\/wp-json\/wp\/v2\/tags?post=9357"}],"curies":[{"name":"wp","href":"https:\/\/api.w.org\/{rel}","templated":true}]}}