{"id":9343,"date":"2025-02-24T07:00:38","date_gmt":"2025-02-24T06:00:38","guid":{"rendered":"https:\/\/www.staedtebau-chemnitz.de\/?p=9343"},"modified":"2025-02-24T07:14:42","modified_gmt":"2025-02-24T06:14:42","slug":"waelder-die-gruenen-lungen-unserer-erde","status":"publish","type":"post","link":"https:\/\/www.staedtebau-chemnitz.de\/index.php\/waelder-die-gruenen-lungen-unserer-erde\/","title":{"rendered":"W\u00e4lder \u2013 Die gr\u00fcnen Lungen unserer Erde"},"content":{"rendered":"<div class=\"fusion-fullwidth fullwidth-box fusion-builder-row-1 fusion-flex-container has-pattern-background has-mask-background nonhundred-percent-fullwidth non-hundred-percent-height-scrolling\" style=\"--awb-border-radius-top-left:0px;--awb-border-radius-top-right:0px;--awb-border-radius-bottom-right:0px;--awb-border-radius-bottom-left:0px;--awb-flex-wrap:wrap;\" ><div class=\"fusion-builder-row fusion-row fusion-flex-align-items-flex-start fusion-flex-content-wrap\" style=\"max-width:1248px;margin-left: calc(-4% \/ 2 );margin-right: calc(-4% \/ 2 );\"><div class=\"fusion-layout-column fusion_builder_column fusion-builder-column-0 fusion_builder_column_1_1 1_1 fusion-flex-column\" style=\"--awb-bg-size:cover;--awb-width-large:100%;--awb-margin-top-large:0px;--awb-spacing-right-large:1.92%;--awb-margin-bottom-large:20px;--awb-spacing-left-large:1.92%;--awb-width-medium:100%;--awb-order-medium:0;--awb-spacing-right-medium:1.92%;--awb-spacing-left-medium:1.92%;--awb-width-small:100%;--awb-order-small:0;--awb-spacing-right-small:1.92%;--awb-spacing-left-small:1.92%;\"><div class=\"fusion-column-wrapper fusion-column-has-shadow fusion-flex-justify-content-flex-start fusion-content-layout-column\"><div class=\"fusion-text fusion-text-1\"><h5><strong>W\u00e4lder &#8211; Die gr\u00fcnen Lungen unserer Erde<\/strong><\/h5>\n<p>W\u00e4lder sind ein bedeutender Teil unserer nat\u00fcrlichen Lebensgrundlagen. Sie spielen eine zentrale Rolle in den \u00d6kosystemen, die sie beherbergen, und sind gleichzeitig unverzichtbar f\u00fcr das Wohlergehen von Menschen und Natur. Doch was genau leisten W\u00e4lder und warum sind sie in Zeiten des Klimawandels noch wichtiger geworden?<\/p>\n<p>Stell dir vor, du gehst an einem sonnigen Tag im Wald auf Spurensuche. Der Boden unter deinen F\u00fc\u00dfen ist weich, und \u00fcberall um dich herum ragen B\u00e4ume in den Himmel. Du atmest tief ein und riechst den frischen, erdigen Duft. Du begibst dich auf eine Reise, die dich in die geheimen Winkel der Natur f\u00fchrt. Diese Geschichte beginnt hier, im Herzen eines Waldes, der f\u00fcr uns alle viel mehr ist als nur eine Ansammlung von B\u00e4umen.<\/p>\n<h5><strong>Multitalent Wald<\/strong><\/h5>\n<p>W\u00e4lder sind wahre Multitalente der Natur. Sie erf\u00fcllen eine Vielzahl von Funktionen, die f\u00fcr das Leben auf der Erde unverzichtbar sind. Sie sind Kohlenstoffsenken, die CO2 aus der Atmosph\u00e4re aufnehmen und so den Treibhauseffekt bremsen. Als Lebensraum bieten sie zudem zahlreichen Pflanzen und Tieren Schutz und tragen zur Sicherung der Biodiversit\u00e4t bei, die wiederum die Stabilit\u00e4t und Gesundheit des gesamten \u00d6kosystems unterst\u00fctzt. W\u00e4lder regulieren den Wasserkreislauf, erhalten die Grundwasserspeicherung aufrecht und sch\u00fctzen den Boden vor Erosion. Sie beeinflussen das lokale und globale Klima, indem sie die Umgebung durch Verdunstung k\u00fchlen und Schutz vor extremen Wetterbedingungen bieten. Weiterhin sind W\u00e4lder wertvolle Erholungsorte, die die k\u00f6rperliche und seelische Gesundheit f\u00f6rdern.<\/p>\n<h5><strong>Bedrohung f\u00fcr den Wald<\/strong><\/h5>\n<p>Die Bedeutung der W\u00e4lder hat in den letzten Jahren durch den Klimawandel weiter zugenommen. Steigende Temperaturen und zunehmende Wetterextreme setzen den W\u00e4ldern weltweit zu. St\u00fcrme, D\u00fcrren und die Ausbreitung von Sch\u00e4dlingen wie dem Borkenk\u00e4fer gef\u00e4hrden die Stabilit\u00e4t vieler W\u00e4lder. Rodungen f\u00fcr Landwirtschaft, Siedlungen und Industrie f\u00fchren zum Verlust von Waldfl\u00e4chen und gef\u00e4hrden Tiere und Pflanzen. Steigende Temperaturen und Luftverschmutzung erschweren das Wachstum der B\u00e4ume und machen sie anf\u00e4lliger f\u00fcr Krankheiten und Sch\u00e4dlinge. Waldbr\u00e4nde, die durch den Klimawandel und menschliche Aktivit\u00e4ten verst\u00e4rkt werden, gef\u00e4hrden die W\u00e4lder zus\u00e4tzlich. Nicht zuletzt stellt auch die Zerschneidung von Waldgebieten durch Stra\u00dfen und landwirtschaftliche Fl\u00e4chen eine Bedrohung dar, da sie die W\u00e4lder isoliert und das \u00dcberleben vieler Arten gef\u00e4hrdet.<\/p>\n<h5><strong>Wie k\u00f6nnen wir unsere W\u00e4lder sch\u00fctzen?<\/strong><\/h5>\n<p>W\u00e4lder sind ein wertvolles Gut, das wir f\u00fcr zuk\u00fcnftige Generationen bewahren m\u00fcssen. Mit nachhaltiger Forstwirtschaft k\u00f6nnen wir daf\u00fcr sorgen, dass nur so viele B\u00e4ume gef\u00e4llt werden, wie nachwachsen k\u00f6nnen und gleichzeitig die Artenvielfalt durch Mischw\u00e4lder erhalten bleibt. Aufforstung und Renaturierung von W\u00e4ldern sind ebenfalls wichtige Bausteine, um gesch\u00e4digte W\u00e4lder nachhaltig zu ersetzen und an den Klimawandel anzupassen. Gleichzeitig sichert der Ausbau von Schutzgebieten ungest\u00f6rte Waldfl\u00e4chen, f\u00f6rdert die Biodiversit\u00e4t und erh\u00e4lt wichtige \u00d6kosystemfunktionen. Schlie\u00dflich spielen Bewusstseinsbildung und Aufkl\u00e4rung eine zentrale Rolle, um die lokale Bev\u00f6lkerung f\u00fcr die Bedeutung des Waldes zu sensibilisieren und nachhaltiges Verhalten zu f\u00f6rdern.<\/p>\n<h5><strong>Das Ende der Reise und ein neuer Anfang<\/strong><\/h5>\n<p>W\u00e4lder sind f\u00fcr das \u00dcberleben unserer \u00d6kosysteme unverzichtbar. Sie beherbergen unz\u00e4hlige Tiere und Pflanzen, sch\u00fctzen die Artenvielfalt, regulieren das Klima und liefern uns viele wertvolle Rohstoffe. In Zeiten des Klimawandels kommt W\u00e4ldern eine noch wichtigere Rolle zu, doch sie sind beispielsweise durch Extremwetter, Sch\u00e4dlinge und den Temperaturanstieg bedroht. Es liegt in unserer Verantwortung, diese wertvollen Ressourcen zu sch\u00fctzen und die W\u00e4lder durch nachhaltige Forstwirtschaft, Aufforstung und gezielte Schutzma\u00dfnahmen zukunftsf\u00e4hig zu machen. Nur so k\u00f6nnen wir uns auch in den kommenden Jahrzehnten an den vielen positiven Wirkungen der W\u00e4lder erfreuen und von ihren wertvollen Funktionen profitieren.<\/p>\n<h5 data-pm-slice=\"1 1 &#091;&#093;\"><strong>Die Heilkraft des Waldes: Warum ein Spaziergang durch den Wald so gesund ist<\/strong><\/h5>\n<p>Ein Spaziergang durch den Wald kann wahre Wunder f\u00fcr unsere Gesundheit bewirken. Die frische Luft, das Zwitschern der V\u00f6gel und das sanfte Rascheln der Bl\u00e4tter wirken sich positiv auf K\u00f6rper und Geist aus. Doch was genau macht den Wald so heilsam, und warum tut uns das Gehen durch die Natur so gut?<\/p>\n<h5><strong>1. Der Wald st\u00e4rkt unser Immunsystem<\/strong><\/h5>\n<p>B\u00e4ume und Pflanzen geben spezielle \u00e4therische \u00d6le, sogenannte Terpene, in die Luft ab. Diese Substanzen haben nachweislich eine positive Wirkung auf unser Immunsystem. Studien zeigen, dass Waldspazierg\u00e4nge die Anzahl der nat\u00fcrlichen Killerzellen im K\u00f6rper erh\u00f6hen, die f\u00fcr die Abwehr von Viren und sogar Krebszellen zust\u00e4ndig sind.<\/p>\n<h5><strong>2. Stressabbau und mentale Erholung<\/strong><\/h5>\n<p>Die beruhigende Atmosph\u00e4re des Waldes hilft dabei, Stress abzubauen und den Geist zu entspannen. Untersuchungen haben gezeigt, dass bereits 20 Minuten im Gr\u00fcnen den Cortisolspiegel \u2013 das Stresshormon \u2013 erheblich senken k\u00f6nnen. Menschen, die regelm\u00e4\u00dfig durch den Wald gehen, berichten von einem verbesserten Wohlbefinden, weniger \u00c4ngsten und besserem Schlaf.<\/p>\n<h5><strong>3. Positive Auswirkungen auf Herz und Kreislauf<\/strong><\/h5>\n<p>Das Gehen im Wald senkt nachweislich den Blutdruck und reduziert das Risiko f\u00fcr Herz-Kreislauf-Erkrankungen. Der gleichm\u00e4\u00dfige Rhythmus des Laufens und die nat\u00fcrliche Umgebung sorgen f\u00fcr eine sanfte Belastung des Herzens und eine verbesserte Durchblutung. Zudem regt die frische, sauerstoffreiche Luft den Stoffwechsel an und sorgt f\u00fcr mehr Energie.<\/p>\n<h5><strong>4. Bewegung f\u00fcr K\u00f6rper und Geist<\/strong><\/h5>\n<p>Anders als das Laufen auf asphaltierten Stra\u00dfen ist das Gehen im Wald besonders gelenkschonend. Der weiche Waldboden d\u00e4mpft die Schritte und f\u00f6rdert gleichzeitig die Tiefenmuskulatur, da sich der K\u00f6rper st\u00e4ndig an unebenes Gel\u00e4nde anpassen muss. Zudem regt die Vielfalt der Sinneseindr\u00fccke im Wald das Gehirn an und verbessert die Konzentrationsf\u00e4higkeit.<\/p>\n<h5><strong>5. Gl\u00fccksgef\u00fchle durch Naturerlebnisse<\/strong><\/h5>\n<p>Ein Spaziergang im Wald setzt Endorphine frei, die als Gl\u00fcckshormone bekannt sind. Die Kombination aus Bewegung, frischer Luft und nat\u00fcrlichem Licht tr\u00e4gt dazu bei, die Stimmung zu heben und depressive Verstimmungen zu lindern. Besonders das sogenannte &#8222;Waldbaden&#8220; \u2013 das bewusste Eintauchen in die Waldatmosph\u00e4re \u2013 wird immer beliebter und gilt als nat\u00fcrliche Therapie gegen Stress und Ersch\u00f6pfung.<\/p>\n<h5><strong>Fazit: Der Wald als nat\u00fcrliche Gesundheitsquelle<\/strong><\/h5>\n<p>Ob ein gem\u00fctlicher Spaziergang, eine ausgiebige Wanderung oder ein lockerer Waldlauf \u2013 die Natur hat einen enorm positiven Einfluss auf unsere Gesundheit. Wer regelm\u00e4\u00dfig Zeit im Wald verbringt, st\u00e4rkt nicht nur das Immunsystem, sondern auch das seelische Wohlbefinden. Also: Schuhe anziehen, tief durchatmen und die Heilkraft des Waldes genie\u00dfen!<\/p>\n<\/div><div class=\"fusion-testimonials classic fusion-testimonials-1\" style=\"--awb-textcolor:var(--awb-color8);--awb-backgroundcolor:var(--awb-color1);\" data-random=\"0\" data-speed=\"4000\"><div class=\"reviews\"><div class=\"review active-testimonial avatar-image\"><blockquote><q class=\"fusion-clearfix\"><\/q><\/blockquote><div class=\"author\"><span class=\"testimonial-thumbnail\"><img decoding=\"async\" class=\"testimonial-image\" src=\"https:\/\/www.staedtebau-chemnitz.de\/wp-content\/uploads\/2021\/03\/cropped-ICON.jpg\" width=\"512\" height=\"512\" alt=\"B\u00fcro f\u00fcr St\u00e4dtebau GmbH Chemnitz\" \/><\/span><span class=\"company-name\"><strong>B\u00fcro f\u00fcr St\u00e4dtebau GmbH Chemnitz<\/strong>, <span>Vivian Weber <\/span><\/span><\/div><\/div><\/div><\/div><div class=\"fusion-separator fusion-full-width-sep\" style=\"align-self: center;margin-left: auto;margin-right: auto;margin-bottom:20px;width:100%;\"><\/div><div ><a class=\"fusion-button button-flat fusion-button-default-size button-default fusion-button-default button-1 fusion-button-default-span fusion-button-default-type\" target=\"_self\" href=\"https:\/\/www.staedtebau-chemnitz.de\/index.php\/blog-2\/\"><span class=\"fusion-button-text\">Zur\u00fcck<\/span><\/a><\/div><div class=\"fusion-separator fusion-full-width-sep\" style=\"align-self: center;margin-left: auto;margin-right: auto;margin-bottom:20px;width:100%;\"><\/div><\/div><\/div><\/div><\/div>\n","protected":false},"excerpt":{"rendered":"","protected":false},"author":2,"featured_media":9346,"comment_status":"closed","ping_status":"open","sticky":false,"template":"","format":"standard","meta":{"inline_featured_image":false,"footnotes":""},"categories":[38],"tags":[],"class_list":["post-9343","post","type-post","status-publish","format-standard","has-post-thumbnail","hentry","category-trends-zukunftstadt"],"yoast_head":"<!-- This site is optimized with the Yoast SEO plugin v27.4 - https:\/\/yoast.com\/product\/yoast-seo-wordpress\/ -->\n<title>W\u00e4lder \u2013 Die gr\u00fcnen Lungen unserer Erde - B\u00fcro f\u00fcr St\u00e4dtebau GmbH Chemnitz<\/title>\n<meta name=\"description\" content=\"W\u00e4lder sind ein bedeutender Teil unserer nat\u00fcrlichen Lebensgrundlagen. Sie spielen eine zentrale Rolle in den \u00d6kosystemen, die sie beherbergen, und sind gleichzeitig unverzichtbar f\u00fcr das Wohlergehen von Menschen und Natur. Doch was genau leisten W\u00e4lder und warum sind sie in Zeiten des Klimawandels noch wichtiger geworden?\" \/>\n<meta name=\"robots\" content=\"index, follow, max-snippet:-1, max-image-preview:large, max-video-preview:-1\" \/>\n<link rel=\"canonical\" href=\"https:\/\/www.staedtebau-chemnitz.de\/index.php\/waelder-die-gruenen-lungen-unserer-erde\/\" \/>\n<meta property=\"og:locale\" content=\"de_DE\" \/>\n<meta property=\"og:type\" content=\"article\" \/>\n<meta property=\"og:title\" content=\"W\u00e4lder \u2013 Die gr\u00fcnen Lungen unserer Erde - B\u00fcro f\u00fcr St\u00e4dtebau GmbH Chemnitz\" \/>\n<meta property=\"og:description\" content=\"W\u00e4lder sind ein bedeutender Teil unserer nat\u00fcrlichen Lebensgrundlagen. Sie spielen eine zentrale Rolle in den \u00d6kosystemen, die sie beherbergen, und sind gleichzeitig unverzichtbar f\u00fcr das Wohlergehen von Menschen und Natur. Doch was genau leisten W\u00e4lder und warum sind sie in Zeiten des Klimawandels noch wichtiger geworden?\" \/>\n<meta property=\"og:url\" content=\"https:\/\/www.staedtebau-chemnitz.de\/index.php\/waelder-die-gruenen-lungen-unserer-erde\/\" \/>\n<meta property=\"og:site_name\" content=\"B\u00fcro f\u00fcr St\u00e4dtebau GmbH Chemnitz\" \/>\n<meta property=\"article:published_time\" content=\"2025-02-24T06:00:38+00:00\" \/>\n<meta property=\"article:modified_time\" content=\"2025-02-24T06:14:42+00:00\" \/>\n<meta property=\"og:image\" content=\"https:\/\/www.staedtebau-chemnitz.de\/wp-content\/uploads\/2025\/02\/trees-3294681_1280.jpg\" \/>\n\t<meta property=\"og:image:width\" content=\"1280\" \/>\n\t<meta property=\"og:image:height\" content=\"720\" \/>\n\t<meta property=\"og:image:type\" content=\"image\/jpeg\" \/>\n<meta name=\"author\" content=\"B\u00fcro St\u00e4dtebau\" \/>\n<meta name=\"twitter:card\" content=\"summary_large_image\" \/>\n<meta name=\"twitter:label1\" content=\"Verfasst von\" \/>\n\t<meta name=\"twitter:data1\" content=\"B\u00fcro St\u00e4dtebau\" \/>\n\t<meta name=\"twitter:label2\" content=\"Gesch\u00e4tzte Lesezeit\" \/>\n\t<meta name=\"twitter:data2\" content=\"6\u00a0Minuten\" \/>\n<script type=\"application\/ld+json\" class=\"yoast-schema-graph\">{\"@context\":\"https:\\\/\\\/schema.org\",\"@graph\":[{\"@type\":\"Article\",\"@id\":\"https:\\\/\\\/www.staedtebau-chemnitz.de\\\/index.php\\\/waelder-die-gruenen-lungen-unserer-erde\\\/#article\",\"isPartOf\":{\"@id\":\"https:\\\/\\\/www.staedtebau-chemnitz.de\\\/index.php\\\/waelder-die-gruenen-lungen-unserer-erde\\\/\"},\"author\":{\"name\":\"B\u00fcro St\u00e4dtebau\",\"@id\":\"https:\\\/\\\/www.staedtebau-chemnitz.de\\\/#\\\/schema\\\/person\\\/c3fcd44a3690047f2b77986abb9c0ffb\"},\"headline\":\"W\u00e4lder \u2013 Die gr\u00fcnen Lungen unserer Erde\",\"datePublished\":\"2025-02-24T06:00:38+00:00\",\"dateModified\":\"2025-02-24T06:14:42+00:00\",\"mainEntityOfPage\":{\"@id\":\"https:\\\/\\\/www.staedtebau-chemnitz.de\\\/index.php\\\/waelder-die-gruenen-lungen-unserer-erde\\\/\"},\"wordCount\":2375,\"publisher\":{\"@id\":\"https:\\\/\\\/www.staedtebau-chemnitz.de\\\/#organization\"},\"image\":{\"@id\":\"https:\\\/\\\/www.staedtebau-chemnitz.de\\\/index.php\\\/waelder-die-gruenen-lungen-unserer-erde\\\/#primaryimage\"},\"thumbnailUrl\":\"https:\\\/\\\/www.staedtebau-chemnitz.de\\\/wp-content\\\/uploads\\\/2025\\\/02\\\/trees-3294681_1280.jpg\",\"articleSection\":[\"Trends \\\"ZukunftStadt\\\"\"],\"inLanguage\":\"de\"},{\"@type\":\"WebPage\",\"@id\":\"https:\\\/\\\/www.staedtebau-chemnitz.de\\\/index.php\\\/waelder-die-gruenen-lungen-unserer-erde\\\/\",\"url\":\"https:\\\/\\\/www.staedtebau-chemnitz.de\\\/index.php\\\/waelder-die-gruenen-lungen-unserer-erde\\\/\",\"name\":\"W\u00e4lder \u2013 Die gr\u00fcnen Lungen unserer Erde - B\u00fcro f\u00fcr St\u00e4dtebau GmbH Chemnitz\",\"isPartOf\":{\"@id\":\"https:\\\/\\\/www.staedtebau-chemnitz.de\\\/#website\"},\"primaryImageOfPage\":{\"@id\":\"https:\\\/\\\/www.staedtebau-chemnitz.de\\\/index.php\\\/waelder-die-gruenen-lungen-unserer-erde\\\/#primaryimage\"},\"image\":{\"@id\":\"https:\\\/\\\/www.staedtebau-chemnitz.de\\\/index.php\\\/waelder-die-gruenen-lungen-unserer-erde\\\/#primaryimage\"},\"thumbnailUrl\":\"https:\\\/\\\/www.staedtebau-chemnitz.de\\\/wp-content\\\/uploads\\\/2025\\\/02\\\/trees-3294681_1280.jpg\",\"datePublished\":\"2025-02-24T06:00:38+00:00\",\"dateModified\":\"2025-02-24T06:14:42+00:00\",\"description\":\"W\u00e4lder sind ein bedeutender Teil unserer nat\u00fcrlichen Lebensgrundlagen. Sie spielen eine zentrale Rolle in den \u00d6kosystemen, die sie beherbergen, und sind gleichzeitig unverzichtbar f\u00fcr das Wohlergehen von Menschen und Natur. Doch was genau leisten W\u00e4lder und warum sind sie in Zeiten des Klimawandels noch wichtiger geworden?\",\"breadcrumb\":{\"@id\":\"https:\\\/\\\/www.staedtebau-chemnitz.de\\\/index.php\\\/waelder-die-gruenen-lungen-unserer-erde\\\/#breadcrumb\"},\"inLanguage\":\"de\",\"potentialAction\":[{\"@type\":\"ReadAction\",\"target\":[\"https:\\\/\\\/www.staedtebau-chemnitz.de\\\/index.php\\\/waelder-die-gruenen-lungen-unserer-erde\\\/\"]}]},{\"@type\":\"ImageObject\",\"inLanguage\":\"de\",\"@id\":\"https:\\\/\\\/www.staedtebau-chemnitz.de\\\/index.php\\\/waelder-die-gruenen-lungen-unserer-erde\\\/#primaryimage\",\"url\":\"https:\\\/\\\/www.staedtebau-chemnitz.de\\\/wp-content\\\/uploads\\\/2025\\\/02\\\/trees-3294681_1280.jpg\",\"contentUrl\":\"https:\\\/\\\/www.staedtebau-chemnitz.de\\\/wp-content\\\/uploads\\\/2025\\\/02\\\/trees-3294681_1280.jpg\",\"width\":1280,\"height\":720,\"caption\":\"W\u00e4lder und ihre Bedeutung Vivian Weber B\u00fcro f\u00fcr St\u00e4dtebau GmbH Chemnitz\"},{\"@type\":\"BreadcrumbList\",\"@id\":\"https:\\\/\\\/www.staedtebau-chemnitz.de\\\/index.php\\\/waelder-die-gruenen-lungen-unserer-erde\\\/#breadcrumb\",\"itemListElement\":[{\"@type\":\"ListItem\",\"position\":1,\"name\":\"Startseite\",\"item\":\"https:\\\/\\\/www.staedtebau-chemnitz.de\\\/\"},{\"@type\":\"ListItem\",\"position\":2,\"name\":\"W\u00e4lder \u2013 Die gr\u00fcnen Lungen unserer Erde\"}]},{\"@type\":\"WebSite\",\"@id\":\"https:\\\/\\\/www.staedtebau-chemnitz.de\\\/#website\",\"url\":\"https:\\\/\\\/www.staedtebau-chemnitz.de\\\/\",\"name\":\"B\u00fcro f\u00fcr St\u00e4dtebau GmbH Chemnitz\",\"description\":\"ganzheitliche Stadtentwicklung Bauleitplanung l\u00e4ndliche Raumplanung\",\"publisher\":{\"@id\":\"https:\\\/\\\/www.staedtebau-chemnitz.de\\\/#organization\"},\"potentialAction\":[{\"@type\":\"SearchAction\",\"target\":{\"@type\":\"EntryPoint\",\"urlTemplate\":\"https:\\\/\\\/www.staedtebau-chemnitz.de\\\/?s={search_term_string}\"},\"query-input\":{\"@type\":\"PropertyValueSpecification\",\"valueRequired\":true,\"valueName\":\"search_term_string\"}}],\"inLanguage\":\"de\"},{\"@type\":\"Organization\",\"@id\":\"https:\\\/\\\/www.staedtebau-chemnitz.de\\\/#organization\",\"name\":\"B\u00fcro f\u00fcr St\u00e4dtebau GmbH Chemnitz\",\"url\":\"https:\\\/\\\/www.staedtebau-chemnitz.de\\\/\",\"logo\":{\"@type\":\"ImageObject\",\"inLanguage\":\"de\",\"@id\":\"https:\\\/\\\/www.staedtebau-chemnitz.de\\\/#\\\/schema\\\/logo\\\/image\\\/\",\"url\":\"https:\\\/\\\/www.staedtebau-chemnitz.de\\\/wp-content\\\/uploads\\\/2022\\\/05\\\/Logo_Staedtebau_4c.png\",\"contentUrl\":\"https:\\\/\\\/www.staedtebau-chemnitz.de\\\/wp-content\\\/uploads\\\/2022\\\/05\\\/Logo_Staedtebau_4c.png\",\"width\":1217,\"height\":1077,\"caption\":\"B\u00fcro f\u00fcr St\u00e4dtebau GmbH Chemnitz\"},\"image\":{\"@id\":\"https:\\\/\\\/www.staedtebau-chemnitz.de\\\/#\\\/schema\\\/logo\\\/image\\\/\"}},{\"@type\":\"Person\",\"@id\":\"https:\\\/\\\/www.staedtebau-chemnitz.de\\\/#\\\/schema\\\/person\\\/c3fcd44a3690047f2b77986abb9c0ffb\",\"name\":\"B\u00fcro St\u00e4dtebau\",\"image\":{\"@type\":\"ImageObject\",\"inLanguage\":\"de\",\"@id\":\"https:\\\/\\\/secure.gravatar.com\\\/avatar\\\/06c9af5c5d99de06803ff3c2392048a02af40bb42a0e069eb2419377299f378a?s=96&d=mm&r=g\",\"url\":\"https:\\\/\\\/secure.gravatar.com\\\/avatar\\\/06c9af5c5d99de06803ff3c2392048a02af40bb42a0e069eb2419377299f378a?s=96&d=mm&r=g\",\"contentUrl\":\"https:\\\/\\\/secure.gravatar.com\\\/avatar\\\/06c9af5c5d99de06803ff3c2392048a02af40bb42a0e069eb2419377299f378a?s=96&d=mm&r=g\",\"caption\":\"B\u00fcro St\u00e4dtebau\"},\"description\":\"B\u00fcro f\u00fcr St\u00e4dtebau\",\"url\":\"https:\\\/\\\/www.staedtebau-chemnitz.de\\\/index.php\\\/author\\\/bfsadmin\\\/\"}]}<\/script>\n<!-- \/ Yoast SEO plugin. -->","yoast_head_json":{"title":"W\u00e4lder \u2013 Die gr\u00fcnen Lungen unserer Erde - B\u00fcro f\u00fcr St\u00e4dtebau GmbH Chemnitz","description":"W\u00e4lder sind ein bedeutender Teil unserer nat\u00fcrlichen Lebensgrundlagen. Sie spielen eine zentrale Rolle in den \u00d6kosystemen, die sie beherbergen, und sind gleichzeitig unverzichtbar f\u00fcr das Wohlergehen von Menschen und Natur. Doch was genau leisten W\u00e4lder und warum sind sie in Zeiten des Klimawandels noch wichtiger geworden?","robots":{"index":"index","follow":"follow","max-snippet":"max-snippet:-1","max-image-preview":"max-image-preview:large","max-video-preview":"max-video-preview:-1"},"canonical":"https:\/\/www.staedtebau-chemnitz.de\/index.php\/waelder-die-gruenen-lungen-unserer-erde\/","og_locale":"de_DE","og_type":"article","og_title":"W\u00e4lder \u2013 Die gr\u00fcnen Lungen unserer Erde - B\u00fcro f\u00fcr St\u00e4dtebau GmbH Chemnitz","og_description":"W\u00e4lder sind ein bedeutender Teil unserer nat\u00fcrlichen Lebensgrundlagen. Sie spielen eine zentrale Rolle in den \u00d6kosystemen, die sie beherbergen, und sind gleichzeitig unverzichtbar f\u00fcr das Wohlergehen von Menschen und Natur. Doch was genau leisten W\u00e4lder und warum sind sie in Zeiten des Klimawandels noch wichtiger geworden?","og_url":"https:\/\/www.staedtebau-chemnitz.de\/index.php\/waelder-die-gruenen-lungen-unserer-erde\/","og_site_name":"B\u00fcro f\u00fcr St\u00e4dtebau GmbH Chemnitz","article_published_time":"2025-02-24T06:00:38+00:00","article_modified_time":"2025-02-24T06:14:42+00:00","og_image":[{"width":1280,"height":720,"url":"https:\/\/www.staedtebau-chemnitz.de\/wp-content\/uploads\/2025\/02\/trees-3294681_1280.jpg","type":"image\/jpeg"}],"author":"B\u00fcro St\u00e4dtebau","twitter_card":"summary_large_image","twitter_misc":{"Verfasst von":"B\u00fcro St\u00e4dtebau","Gesch\u00e4tzte Lesezeit":"6\u00a0Minuten"},"schema":{"@context":"https:\/\/schema.org","@graph":[{"@type":"Article","@id":"https:\/\/www.staedtebau-chemnitz.de\/index.php\/waelder-die-gruenen-lungen-unserer-erde\/#article","isPartOf":{"@id":"https:\/\/www.staedtebau-chemnitz.de\/index.php\/waelder-die-gruenen-lungen-unserer-erde\/"},"author":{"name":"B\u00fcro St\u00e4dtebau","@id":"https:\/\/www.staedtebau-chemnitz.de\/#\/schema\/person\/c3fcd44a3690047f2b77986abb9c0ffb"},"headline":"W\u00e4lder \u2013 Die gr\u00fcnen Lungen unserer Erde","datePublished":"2025-02-24T06:00:38+00:00","dateModified":"2025-02-24T06:14:42+00:00","mainEntityOfPage":{"@id":"https:\/\/www.staedtebau-chemnitz.de\/index.php\/waelder-die-gruenen-lungen-unserer-erde\/"},"wordCount":2375,"publisher":{"@id":"https:\/\/www.staedtebau-chemnitz.de\/#organization"},"image":{"@id":"https:\/\/www.staedtebau-chemnitz.de\/index.php\/waelder-die-gruenen-lungen-unserer-erde\/#primaryimage"},"thumbnailUrl":"https:\/\/www.staedtebau-chemnitz.de\/wp-content\/uploads\/2025\/02\/trees-3294681_1280.jpg","articleSection":["Trends \"ZukunftStadt\""],"inLanguage":"de"},{"@type":"WebPage","@id":"https:\/\/www.staedtebau-chemnitz.de\/index.php\/waelder-die-gruenen-lungen-unserer-erde\/","url":"https:\/\/www.staedtebau-chemnitz.de\/index.php\/waelder-die-gruenen-lungen-unserer-erde\/","name":"W\u00e4lder \u2013 Die gr\u00fcnen Lungen unserer Erde - B\u00fcro f\u00fcr St\u00e4dtebau GmbH Chemnitz","isPartOf":{"@id":"https:\/\/www.staedtebau-chemnitz.de\/#website"},"primaryImageOfPage":{"@id":"https:\/\/www.staedtebau-chemnitz.de\/index.php\/waelder-die-gruenen-lungen-unserer-erde\/#primaryimage"},"image":{"@id":"https:\/\/www.staedtebau-chemnitz.de\/index.php\/waelder-die-gruenen-lungen-unserer-erde\/#primaryimage"},"thumbnailUrl":"https:\/\/www.staedtebau-chemnitz.de\/wp-content\/uploads\/2025\/02\/trees-3294681_1280.jpg","datePublished":"2025-02-24T06:00:38+00:00","dateModified":"2025-02-24T06:14:42+00:00","description":"W\u00e4lder sind ein bedeutender Teil unserer nat\u00fcrlichen Lebensgrundlagen. Sie spielen eine zentrale Rolle in den \u00d6kosystemen, die sie beherbergen, und sind gleichzeitig unverzichtbar f\u00fcr das Wohlergehen von Menschen und Natur. Doch was genau leisten W\u00e4lder und warum sind sie in Zeiten des Klimawandels noch wichtiger geworden?","breadcrumb":{"@id":"https:\/\/www.staedtebau-chemnitz.de\/index.php\/waelder-die-gruenen-lungen-unserer-erde\/#breadcrumb"},"inLanguage":"de","potentialAction":[{"@type":"ReadAction","target":["https:\/\/www.staedtebau-chemnitz.de\/index.php\/waelder-die-gruenen-lungen-unserer-erde\/"]}]},{"@type":"ImageObject","inLanguage":"de","@id":"https:\/\/www.staedtebau-chemnitz.de\/index.php\/waelder-die-gruenen-lungen-unserer-erde\/#primaryimage","url":"https:\/\/www.staedtebau-chemnitz.de\/wp-content\/uploads\/2025\/02\/trees-3294681_1280.jpg","contentUrl":"https:\/\/www.staedtebau-chemnitz.de\/wp-content\/uploads\/2025\/02\/trees-3294681_1280.jpg","width":1280,"height":720,"caption":"W\u00e4lder und ihre Bedeutung Vivian Weber B\u00fcro f\u00fcr St\u00e4dtebau GmbH Chemnitz"},{"@type":"BreadcrumbList","@id":"https:\/\/www.staedtebau-chemnitz.de\/index.php\/waelder-die-gruenen-lungen-unserer-erde\/#breadcrumb","itemListElement":[{"@type":"ListItem","position":1,"name":"Startseite","item":"https:\/\/www.staedtebau-chemnitz.de\/"},{"@type":"ListItem","position":2,"name":"W\u00e4lder \u2013 Die gr\u00fcnen Lungen unserer Erde"}]},{"@type":"WebSite","@id":"https:\/\/www.staedtebau-chemnitz.de\/#website","url":"https:\/\/www.staedtebau-chemnitz.de\/","name":"B\u00fcro f\u00fcr St\u00e4dtebau GmbH Chemnitz","description":"ganzheitliche Stadtentwicklung Bauleitplanung l\u00e4ndliche Raumplanung","publisher":{"@id":"https:\/\/www.staedtebau-chemnitz.de\/#organization"},"potentialAction":[{"@type":"SearchAction","target":{"@type":"EntryPoint","urlTemplate":"https:\/\/www.staedtebau-chemnitz.de\/?s={search_term_string}"},"query-input":{"@type":"PropertyValueSpecification","valueRequired":true,"valueName":"search_term_string"}}],"inLanguage":"de"},{"@type":"Organization","@id":"https:\/\/www.staedtebau-chemnitz.de\/#organization","name":"B\u00fcro f\u00fcr St\u00e4dtebau GmbH Chemnitz","url":"https:\/\/www.staedtebau-chemnitz.de\/","logo":{"@type":"ImageObject","inLanguage":"de","@id":"https:\/\/www.staedtebau-chemnitz.de\/#\/schema\/logo\/image\/","url":"https:\/\/www.staedtebau-chemnitz.de\/wp-content\/uploads\/2022\/05\/Logo_Staedtebau_4c.png","contentUrl":"https:\/\/www.staedtebau-chemnitz.de\/wp-content\/uploads\/2022\/05\/Logo_Staedtebau_4c.png","width":1217,"height":1077,"caption":"B\u00fcro f\u00fcr St\u00e4dtebau GmbH Chemnitz"},"image":{"@id":"https:\/\/www.staedtebau-chemnitz.de\/#\/schema\/logo\/image\/"}},{"@type":"Person","@id":"https:\/\/www.staedtebau-chemnitz.de\/#\/schema\/person\/c3fcd44a3690047f2b77986abb9c0ffb","name":"B\u00fcro St\u00e4dtebau","image":{"@type":"ImageObject","inLanguage":"de","@id":"https:\/\/secure.gravatar.com\/avatar\/06c9af5c5d99de06803ff3c2392048a02af40bb42a0e069eb2419377299f378a?s=96&d=mm&r=g","url":"https:\/\/secure.gravatar.com\/avatar\/06c9af5c5d99de06803ff3c2392048a02af40bb42a0e069eb2419377299f378a?s=96&d=mm&r=g","contentUrl":"https:\/\/secure.gravatar.com\/avatar\/06c9af5c5d99de06803ff3c2392048a02af40bb42a0e069eb2419377299f378a?s=96&d=mm&r=g","caption":"B\u00fcro St\u00e4dtebau"},"description":"B\u00fcro f\u00fcr St\u00e4dtebau","url":"https:\/\/www.staedtebau-chemnitz.de\/index.php\/author\/bfsadmin\/"}]}},"_links":{"self":[{"href":"https:\/\/www.staedtebau-chemnitz.de\/index.php\/wp-json\/wp\/v2\/posts\/9343","targetHints":{"allow":["GET"]}}],"collection":[{"href":"https:\/\/www.staedtebau-chemnitz.de\/index.php\/wp-json\/wp\/v2\/posts"}],"about":[{"href":"https:\/\/www.staedtebau-chemnitz.de\/index.php\/wp-json\/wp\/v2\/types\/post"}],"author":[{"embeddable":true,"href":"https:\/\/www.staedtebau-chemnitz.de\/index.php\/wp-json\/wp\/v2\/users\/2"}],"replies":[{"embeddable":true,"href":"https:\/\/www.staedtebau-chemnitz.de\/index.php\/wp-json\/wp\/v2\/comments?post=9343"}],"version-history":[{"count":7,"href":"https:\/\/www.staedtebau-chemnitz.de\/index.php\/wp-json\/wp\/v2\/posts\/9343\/revisions"}],"predecessor-version":[{"id":9536,"href":"https:\/\/www.staedtebau-chemnitz.de\/index.php\/wp-json\/wp\/v2\/posts\/9343\/revisions\/9536"}],"wp:featuredmedia":[{"embeddable":true,"href":"https:\/\/www.staedtebau-chemnitz.de\/index.php\/wp-json\/wp\/v2\/media\/9346"}],"wp:attachment":[{"href":"https:\/\/www.staedtebau-chemnitz.de\/index.php\/wp-json\/wp\/v2\/media?parent=9343"}],"wp:term":[{"taxonomy":"category","embeddable":true,"href":"https:\/\/www.staedtebau-chemnitz.de\/index.php\/wp-json\/wp\/v2\/categories?post=9343"},{"taxonomy":"post_tag","embeddable":true,"href":"https:\/\/www.staedtebau-chemnitz.de\/index.php\/wp-json\/wp\/v2\/tags?post=9343"}],"curies":[{"name":"wp","href":"https:\/\/api.w.org\/{rel}","templated":true}]}}