{"id":8079,"date":"2025-09-08T05:55:03","date_gmt":"2025-09-08T03:55:03","guid":{"rendered":"https:\/\/www.staedtebau-chemnitz.de\/?p=8079"},"modified":"2025-12-03T03:41:22","modified_gmt":"2025-12-03T02:41:22","slug":"die-progressive-provinz-ein-blick-in-die-zukunft-des-laendlichen-raums-nach-dem-zukunftsinstitut","status":"publish","type":"post","link":"https:\/\/www.staedtebau-chemnitz.de\/index.php\/die-progressive-provinz-ein-blick-in-die-zukunft-des-laendlichen-raums-nach-dem-zukunftsinstitut\/","title":{"rendered":"Die Progressive Provinz: Ein Blick in die Zukunft des l\u00e4ndlichen Raums nach dem Zukunftsinstitut"},"content":{"rendered":"<div class=\"fusion-fullwidth fullwidth-box fusion-builder-row-1 fusion-flex-container nonhundred-percent-fullwidth non-hundred-percent-height-scrolling\" style=\"--awb-border-radius-top-left:0px;--awb-border-radius-top-right:0px;--awb-border-radius-bottom-right:0px;--awb-border-radius-bottom-left:0px;--awb-flex-wrap:wrap;\" ><div class=\"fusion-builder-row fusion-row fusion-flex-align-items-flex-start fusion-flex-content-wrap\" style=\"max-width:1248px;margin-left: calc(-4% \/ 2 );margin-right: calc(-4% \/ 2 );\"><div class=\"fusion-layout-column fusion_builder_column fusion-builder-column-0 fusion_builder_column_1_1 1_1 fusion-flex-column\" style=\"--awb-bg-size:cover;--awb-width-large:100%;--awb-margin-top-large:0px;--awb-spacing-right-large:1.92%;--awb-margin-bottom-large:0px;--awb-spacing-left-large:1.92%;--awb-width-medium:100%;--awb-spacing-right-medium:1.92%;--awb-spacing-left-medium:1.92%;--awb-width-small:100%;--awb-spacing-right-small:1.92%;--awb-spacing-left-small:1.92%;\"><div class=\"fusion-column-wrapper fusion-flex-justify-content-flex-start fusion-content-layout-column\"><div class=\"fusion-text fusion-text-1\"><h5><strong>Die Progressive Provinz: Ein Blick in die Zukunft des l\u00e4ndlichen Raums nach dem Zukunftsinstitut<\/strong><\/h5>\n<p>In einer zunehmend urbanisierten Welt, in der St\u00e4dte als Zentren von Fortschritt und Innovation gelten, geraten l\u00e4ndliche Regionen oft in den Hintergrund. Doch das <em><a href=\"https:\/\/www.zukunftsinstitut.de\/blog-megatrends\">Zukunftsinstitut<\/a><\/em> hat einen faszinierenden Begriff gepr\u00e4gt, der die Art und Weise, wie wir \u00fcber den l\u00e4ndlichen Raum denken, grundlegend ver\u00e4ndert: Die &#8222;Progressive Provinz&#8220;. Diese vision\u00e4re Idee er\u00f6ffnet eine neue Perspektive auf das Potenzial und die Zukunft der l\u00e4ndlichen Gebiete.<\/p>\n<h5><strong>Was ist die Progressive Provinz?<\/strong><\/h5>\n<p>Die Progressive Provinz ist ein Konzept, das vom Zukunftsinstitut entwickelt wurde, um die Transformation und den Wandel in l\u00e4ndlichen Regionen zu beschreiben. Es setzt sich mit der Frage auseinander, wie diese Gebiete in einer immer st\u00e4rker vernetzten und digitalen Welt relevant und attraktiv bleiben k\u00f6nnen. Dabei geht es nicht nur um wirtschaftliche Aspekte, sondern auch um soziale Innovation, kulturelle Vielfalt und \u00f6kologische Nachhaltigkeit.<\/p>\n<p>Die Idee hinter der Progressiven Provinz ist, dass l\u00e4ndliche Regionen nicht in der Vergangenheit verharren m\u00fcssen, sondern die Chancen der Zukunft nutzen k\u00f6nnen. Sie k\u00f6nnen zu Innovationszentren werden, in denen traditionelle Werte und moderne Technologien harmonisch miteinander verschmelzen. Diese Provinzen werden zu Testfeldern f\u00fcr neue Ans\u00e4tze in den Bereichen Landwirtschaft, Energie, Bildung, Gesundheitsversorgung und Mobilit\u00e4t.<\/p>\n<h5><strong>Die S\u00e4ulen der Progressiven Provinz<\/strong><\/h5>\n<p>Das Konzept der Progressiven Provinz st\u00fctzt sich auf vier Hauptpfeiler:<\/p>\n<ol>\n<li><strong>Digitale Vernetzung:<\/strong> Durch den Ausbau von Breitband-Internet und die Nutzung digitaler Technologien k\u00f6nnen l\u00e4ndliche Regionen in die globale Wissens- und Handelswelt eingebunden werden. Virtuelle Zusammenarbeit, Fernarbeit und E-Learning erm\u00f6glichen es den Bewohnern, von \u00fcberall aus teilzunehmen und innovative L\u00f6sungen zu entwickeln.<\/li>\n<li><strong>Nachhaltige Wertsch\u00f6pfung:<\/strong> Die Progressive Provinz f\u00f6rdert die Entwicklung nachhaltiger Wirtschaftszweige, die die nat\u00fcrlichen Ressourcen schonen und die Umwelt sch\u00fctzen. Von \u00f6kologischer Landwirtschaft bis hin zu erneuerbaren Energien k\u00f6nnen l\u00e4ndliche Gebiete zu Vorreitern einer gr\u00fcnen Wirtschaft werden.<\/li>\n<li><strong>Soziale Innovation:<\/strong> Das Konzept betont die Bedeutung von Gemeinschaft und sozialer Innovation. Durch kulturelle Veranstaltungen, Bildungsprojekte und gemeinschaftliche Initiativen k\u00f6nnen die Bewohner das soziale Gef\u00fcge st\u00e4rken und ein lebendiges Umfeld schaffen.<\/li>\n<li><strong>Kulturelle Anziehungskraft:<\/strong> Die Progressive Provinz setzt auf kulturelle Vielfalt und Authentizit\u00e4t als Anziehungspunkte. Traditionen, Kunst und lokale Identit\u00e4t werden als wichtige Ressourcen betrachtet, die Touristen und kreative K\u00f6pfe in die Region locken.<\/li>\n<\/ol>\n<h5><strong>Die Umsetzung der Vision<\/strong><\/h5>\n<p>Die Umsetzung erfordert eine partnerschaftliche Zusammenarbeit zwischen Bund, Land, Kommunen, Unternehmen, Investoren, Wissenschaft, Bildungseinrichtungen, Kultur- und Kreativwirtschaft, Stadt- und Regionalplanung und der Zivilgesellschaft.<\/p>\n<p>Beispielhaft: Die <em><a href=\"https:\/\/www.wfe-erzgebirge.de\/\">Wirtschaftsf\u00f6rderung Erzgebirge<\/a> <\/em>unterst\u00fctzt die Idee der &#8222;Progressiven Provinz&#8220; mit begleitenden Marketingkampagnen und f\u00f6rdert unter anderem Gr\u00fcndungen, Innovationen und den Technologietransfer im l\u00e4ndlichen Raum.<\/p>\n<p>Kreative und Kulturschaffende schlossen sich zum Branchenverband der Kultur- und Kreativwirtschaft im Erzgebirge <em><a href=\"https:\/\/www.kreatives-erzgebirge.de\/\">&#8222;Kreatives Erzgebirge&#8220;<\/a> <\/em>zusammen. Ein Blick in die zusammenwirkende Vereinsarbeit und die kreative Vielfalt lohnt sich!<\/p>\n<p>In der <a href=\"https:\/\/www.denkstatt-erzgebirge.de\/\"><em>DENKSTATT ERZGEBIRGE<\/em><\/a> wird traditionelles Handwerk neu gedacht und &#8222;Raum f\u00fcr innovative Ideen und Vernetzungen von ans\u00e4ssigen traditionellen sowie jungen oder angehenden Handwerksbetrieben, Manufakturen und kreativen K\u00f6pfen&#8220; geschaffen. (<a href=\"https:\/\/www.denkstatt-erzgebirge.de\/\"><em>www.denkstatt-erzgebirge.de<\/em><\/a>)<\/p>\n<h5><strong>Acht Makerhubs in der Kulturregion<\/strong><\/h5>\n<p>Im Rahmen des <a href=\"https:\/\/chemnitz2025.de\/makerhubs-fuer-die-kulturregion\/\"><em>Europ\u00e4ischen Kulturhauptstadtjahres 2025<\/em><\/a> entstanden acht Makerhubs in der Kulturregion. Es sind Begegnungs- und Mitmachorte, &#8222;in denen Gestalter:innen, Handwerker:innen, Unternehmer:innen, der Fachkr\u00e4ftenachwuchs von morgen und Macher:innen aus aller Welt aufeinander treffen, um voneinander zu lernen und gemeinsam Neues zu schaffen.&#8220; (<em><a href=\"https:\/\/chemnitz2025.de\/makerhubs-fuer-die-kulturregion\/\">www.chemnitz2025.de<\/a>; <a href=\"https:\/\/www.kreatives-sachsen.de\/2022\/06\/10\/acht-makerhubs-fuer-die-kulturregion-chemnitz2025\/\">www.kreatives-sachsen.de<\/a><\/em>):<\/p>\n<ul>\n<li><a href=\"https:\/\/www.aufweiterflur.org\/festspielhaus\"><em>Altes Lehngericht<\/em><\/a>, Augustusburg<\/li>\n<li><a href=\"https:\/\/esche-museum.de\/de\/kulturhauptstadt.html\"><em>Esche-Museum<\/em><\/a>, Limbach-Oberfrohna<\/li>\n<li><a href=\"https:\/\/www.erzgebirge-gedachtgemacht.de\/news\/offene-tuer-im-makerhub-loessnitz\"><em>Alter Milchhof<\/em><\/a>, L\u00f6\u00dfnitz<\/li>\n<li><a href=\"https:\/\/www.teleskopeffekt.de\/werkbank32\/\"><em>Innovationsquartier Werkbank 32<\/em><\/a>, Mittweida<\/li>\n<li><a href=\"https:\/\/www.stadtwirtschaft.org\/netz-werk-neukirchen\"><i>Netz-Werk<\/i><\/a>, Neukirchen<\/li>\n<li><a href=\"https:\/\/www.kreative-produktionsstaedte.de\/termine\/initiativeinsatz-wal-teil-ii-juli-2021-bis-februar-2022\/initiativeinsatz-makerhaus-in-schneeberg.html\"><em>historisches Geb\u00e4ude am F\u00fcrstenplatz<\/em><\/a>, Schneeberg<\/li>\n<li><a href=\"https:\/\/uw-etzdorf.de\/\"><em>ehem. Umspannwerk Etzdorf<\/em><\/a>, Striegistal<\/li>\n<li><a href=\"https:\/\/buntspeicher.com\/\"><em>ehem. Weberei\/Kornspeicher<\/em><\/a>, Zw\u00f6nitz<\/li>\n<\/ul>\n<h5><strong>Summer of Pioneers<\/strong><\/h5>\n<p>Die Idee der Initiative &#8222;Summer of Pioneers&#8220; ist es, Kreative und Digitalarbeiter:innen, die das Landleben auf Zeit testen und neue M\u00f6glichkeiten zur Zukunftsgestaltung entwickeln wollen mit interessierten St\u00e4dten und Gemeinden zusammenzubringen. Es werden zumeist 20 Kreative und Digitalarbeiter:innen gesucht, die f\u00fcr sechs Monate &#8222;als Gemeinschaft neue Wege einschlagen und mit frischem Blick entdecken, was bislang unentdeckt geblieben ist, zusammen mit anderen inspirierenden Menschen eine gemeinwohlorientierte Stadtentwicklung vorantreiben und aktiv eine nachhaltige Zukunft gestalten&#8220;. (<em>www.mittweida-pioneers.de<\/em>)<\/p>\n<p>Ein bunter Mix von insgesamt 23 Kreativen und Digitalarbeiter:innen war beispielsweise vom 1. April 2023 bis 30. September 2023 zu Gast in <a href=\"https:\/\/mittweida-pioneers.de\/die-pioniere\/\"><em>Mittweida<\/em><\/a>.<\/p>\n<\/div><div class=\"fusion-testimonials classic fusion-testimonials-1\" style=\"--awb-textcolor:var(--awb-color8);--awb-backgroundcolor:var(--awb-color1);\" data-random=\"0\" data-speed=\"4000\"><div class=\"reviews\"><div class=\"review active-testimonial avatar-image\"><blockquote><q class=\"fusion-clearfix\"><\/q><\/blockquote><div class=\"author\"><span class=\"testimonial-thumbnail\"><img decoding=\"async\" class=\"testimonial-image\" src=\"https:\/\/www.staedtebau-chemnitz.de\/wp-content\/uploads\/2021\/03\/cropped-ICON.jpg\" width=\"512\" height=\"512\" alt=\"B\u00fcro f\u00fcr St\u00e4dtebau GmbH Chemnitz\" \/><\/span><span class=\"company-name\"><strong>B\u00fcro f\u00fcr St\u00e4dtebau GmbH Chemnitz<\/strong>, <span>Silke Hennig | Text, Dirk Hanus | Fotografie (Mildenstein und Burg Leisnig)<\/span><\/span><\/div><\/div><\/div><\/div><div class=\"fusion-separator fusion-full-width-sep\" style=\"align-self: center;margin-left: auto;margin-right: auto;margin-bottom:20px;width:100%;\"><\/div><div ><a class=\"fusion-button button-flat fusion-button-default-size button-default fusion-button-default button-1 fusion-button-default-span fusion-button-default-type\" target=\"_self\" href=\"https:\/\/www.staedtebau-chemnitz.de\/index.php\/blog-2\/\"><span class=\"fusion-button-text\">Zur\u00fcck<\/span><\/a><\/div><div class=\"fusion-separator fusion-full-width-sep\" style=\"align-self: center;margin-left: auto;margin-right: auto;margin-bottom:20px;width:100%;\"><\/div><\/div><\/div><\/div><\/div>\n","protected":false},"excerpt":{"rendered":"","protected":false},"author":2,"featured_media":8080,"comment_status":"closed","ping_status":"open","sticky":false,"template":"","format":"standard","meta":{"inline_featured_image":false,"footnotes":""},"categories":[38],"tags":[],"class_list":["post-8079","post","type-post","status-publish","format-standard","has-post-thumbnail","hentry","category-trends-zukunftstadt"],"yoast_head":"<!-- This site is optimized with the Yoast SEO plugin v27.4 - https:\/\/yoast.com\/product\/yoast-seo-wordpress\/ -->\n<title>Die Progressive Provinz: Ein Blick in die Zukunft des l\u00e4ndlichen Raums nach dem Zukunftsinstitut - B\u00fcro f\u00fcr St\u00e4dtebau GmbH Chemnitz<\/title>\n<meta name=\"description\" content=\"In einer zunehmend urbanisierten Welt, in der St\u00e4dte als Zentren von Fortschritt und Innovation gelten, geraten l\u00e4ndliche Regionen oft in den Hintergrund. Doch das Zukunftsinstitut hat einen faszinierenden Begriff gepr\u00e4gt, der die Art und Weise, wie wir \u00fcber den l\u00e4ndlichen Raum denken, grundlegend ver\u00e4ndert: Die &quot;Progressive Provinz&quot;. Diese vision\u00e4re Idee er\u00f6ffnet eine neue Perspektive auf das Potenzial und die Zukunft der l\u00e4ndlichen Gebiete.\" \/>\n<meta name=\"robots\" content=\"index, follow, max-snippet:-1, max-image-preview:large, max-video-preview:-1\" \/>\n<link rel=\"canonical\" href=\"https:\/\/www.staedtebau-chemnitz.de\/index.php\/die-progressive-provinz-ein-blick-in-die-zukunft-des-laendlichen-raums-nach-dem-zukunftsinstitut\/\" \/>\n<meta property=\"og:locale\" content=\"de_DE\" \/>\n<meta property=\"og:type\" content=\"article\" \/>\n<meta property=\"og:title\" content=\"Die Progressive Provinz: Ein Blick in die Zukunft des l\u00e4ndlichen Raums nach dem Zukunftsinstitut - B\u00fcro f\u00fcr St\u00e4dtebau GmbH Chemnitz\" \/>\n<meta property=\"og:description\" content=\"In einer zunehmend urbanisierten Welt, in der St\u00e4dte als Zentren von Fortschritt und Innovation gelten, geraten l\u00e4ndliche Regionen oft in den Hintergrund. Doch das Zukunftsinstitut hat einen faszinierenden Begriff gepr\u00e4gt, der die Art und Weise, wie wir \u00fcber den l\u00e4ndlichen Raum denken, grundlegend ver\u00e4ndert: Die &quot;Progressive Provinz&quot;. Diese vision\u00e4re Idee er\u00f6ffnet eine neue Perspektive auf das Potenzial und die Zukunft der l\u00e4ndlichen Gebiete.\" \/>\n<meta property=\"og:url\" content=\"https:\/\/www.staedtebau-chemnitz.de\/index.php\/die-progressive-provinz-ein-blick-in-die-zukunft-des-laendlichen-raums-nach-dem-zukunftsinstitut\/\" \/>\n<meta property=\"og:site_name\" content=\"B\u00fcro f\u00fcr St\u00e4dtebau GmbH Chemnitz\" \/>\n<meta property=\"article:published_time\" content=\"2025-09-08T03:55:03+00:00\" \/>\n<meta property=\"article:modified_time\" content=\"2025-12-03T02:41:22+00:00\" \/>\n<meta property=\"og:image\" content=\"https:\/\/www.staedtebau-chemnitz.de\/wp-content\/uploads\/2024\/01\/Mildenstein_BurgLeisnig_5522-RGB-scaled.jpg\" \/>\n\t<meta property=\"og:image:width\" content=\"2560\" \/>\n\t<meta property=\"og:image:height\" content=\"1667\" \/>\n\t<meta property=\"og:image:type\" content=\"image\/jpeg\" \/>\n<meta name=\"author\" content=\"B\u00fcro St\u00e4dtebau\" \/>\n<meta name=\"twitter:card\" content=\"summary_large_image\" \/>\n<meta name=\"twitter:label1\" content=\"Verfasst von\" \/>\n\t<meta name=\"twitter:data1\" content=\"B\u00fcro St\u00e4dtebau\" \/>\n\t<meta name=\"twitter:label2\" content=\"Gesch\u00e4tzte Lesezeit\" \/>\n\t<meta name=\"twitter:data2\" content=\"5\u00a0Minuten\" \/>\n<script type=\"application\/ld+json\" class=\"yoast-schema-graph\">{\"@context\":\"https:\\\/\\\/schema.org\",\"@graph\":[{\"@type\":\"Article\",\"@id\":\"https:\\\/\\\/www.staedtebau-chemnitz.de\\\/index.php\\\/die-progressive-provinz-ein-blick-in-die-zukunft-des-laendlichen-raums-nach-dem-zukunftsinstitut\\\/#article\",\"isPartOf\":{\"@id\":\"https:\\\/\\\/www.staedtebau-chemnitz.de\\\/index.php\\\/die-progressive-provinz-ein-blick-in-die-zukunft-des-laendlichen-raums-nach-dem-zukunftsinstitut\\\/\"},\"author\":{\"name\":\"B\u00fcro St\u00e4dtebau\",\"@id\":\"https:\\\/\\\/www.staedtebau-chemnitz.de\\\/#\\\/schema\\\/person\\\/c3fcd44a3690047f2b77986abb9c0ffb\"},\"headline\":\"Die Progressive Provinz: Ein Blick in die Zukunft des l\u00e4ndlichen Raums nach dem Zukunftsinstitut\",\"datePublished\":\"2025-09-08T03:55:03+00:00\",\"dateModified\":\"2025-12-03T02:41:22+00:00\",\"mainEntityOfPage\":{\"@id\":\"https:\\\/\\\/www.staedtebau-chemnitz.de\\\/index.php\\\/die-progressive-provinz-ein-blick-in-die-zukunft-des-laendlichen-raums-nach-dem-zukunftsinstitut\\\/\"},\"wordCount\":1299,\"publisher\":{\"@id\":\"https:\\\/\\\/www.staedtebau-chemnitz.de\\\/#organization\"},\"image\":{\"@id\":\"https:\\\/\\\/www.staedtebau-chemnitz.de\\\/index.php\\\/die-progressive-provinz-ein-blick-in-die-zukunft-des-laendlichen-raums-nach-dem-zukunftsinstitut\\\/#primaryimage\"},\"thumbnailUrl\":\"https:\\\/\\\/www.staedtebau-chemnitz.de\\\/wp-content\\\/uploads\\\/2024\\\/01\\\/Mildenstein_BurgLeisnig_5522-RGB-scaled.jpg\",\"articleSection\":[\"Trends \\\"ZukunftStadt\\\"\"],\"inLanguage\":\"de\"},{\"@type\":\"WebPage\",\"@id\":\"https:\\\/\\\/www.staedtebau-chemnitz.de\\\/index.php\\\/die-progressive-provinz-ein-blick-in-die-zukunft-des-laendlichen-raums-nach-dem-zukunftsinstitut\\\/\",\"url\":\"https:\\\/\\\/www.staedtebau-chemnitz.de\\\/index.php\\\/die-progressive-provinz-ein-blick-in-die-zukunft-des-laendlichen-raums-nach-dem-zukunftsinstitut\\\/\",\"name\":\"Die Progressive Provinz: Ein Blick in die Zukunft des l\u00e4ndlichen Raums nach dem Zukunftsinstitut - B\u00fcro f\u00fcr St\u00e4dtebau GmbH Chemnitz\",\"isPartOf\":{\"@id\":\"https:\\\/\\\/www.staedtebau-chemnitz.de\\\/#website\"},\"primaryImageOfPage\":{\"@id\":\"https:\\\/\\\/www.staedtebau-chemnitz.de\\\/index.php\\\/die-progressive-provinz-ein-blick-in-die-zukunft-des-laendlichen-raums-nach-dem-zukunftsinstitut\\\/#primaryimage\"},\"image\":{\"@id\":\"https:\\\/\\\/www.staedtebau-chemnitz.de\\\/index.php\\\/die-progressive-provinz-ein-blick-in-die-zukunft-des-laendlichen-raums-nach-dem-zukunftsinstitut\\\/#primaryimage\"},\"thumbnailUrl\":\"https:\\\/\\\/www.staedtebau-chemnitz.de\\\/wp-content\\\/uploads\\\/2024\\\/01\\\/Mildenstein_BurgLeisnig_5522-RGB-scaled.jpg\",\"datePublished\":\"2025-09-08T03:55:03+00:00\",\"dateModified\":\"2025-12-03T02:41:22+00:00\",\"description\":\"In einer zunehmend urbanisierten Welt, in der St\u00e4dte als Zentren von Fortschritt und Innovation gelten, geraten l\u00e4ndliche Regionen oft in den Hintergrund. Doch das Zukunftsinstitut hat einen faszinierenden Begriff gepr\u00e4gt, der die Art und Weise, wie wir \u00fcber den l\u00e4ndlichen Raum denken, grundlegend ver\u00e4ndert: Die \\\"Progressive Provinz\\\". Diese vision\u00e4re Idee er\u00f6ffnet eine neue Perspektive auf das Potenzial und die Zukunft der l\u00e4ndlichen Gebiete.\",\"breadcrumb\":{\"@id\":\"https:\\\/\\\/www.staedtebau-chemnitz.de\\\/index.php\\\/die-progressive-provinz-ein-blick-in-die-zukunft-des-laendlichen-raums-nach-dem-zukunftsinstitut\\\/#breadcrumb\"},\"inLanguage\":\"de\",\"potentialAction\":[{\"@type\":\"ReadAction\",\"target\":[\"https:\\\/\\\/www.staedtebau-chemnitz.de\\\/index.php\\\/die-progressive-provinz-ein-blick-in-die-zukunft-des-laendlichen-raums-nach-dem-zukunftsinstitut\\\/\"]}]},{\"@type\":\"ImageObject\",\"inLanguage\":\"de\",\"@id\":\"https:\\\/\\\/www.staedtebau-chemnitz.de\\\/index.php\\\/die-progressive-provinz-ein-blick-in-die-zukunft-des-laendlichen-raums-nach-dem-zukunftsinstitut\\\/#primaryimage\",\"url\":\"https:\\\/\\\/www.staedtebau-chemnitz.de\\\/wp-content\\\/uploads\\\/2024\\\/01\\\/Mildenstein_BurgLeisnig_5522-RGB-scaled.jpg\",\"contentUrl\":\"https:\\\/\\\/www.staedtebau-chemnitz.de\\\/wp-content\\\/uploads\\\/2024\\\/01\\\/Mildenstein_BurgLeisnig_5522-RGB-scaled.jpg\",\"width\":2560,\"height\":1667,\"caption\":\"Progressive Provinz Zukunftsinstitut\"},{\"@type\":\"BreadcrumbList\",\"@id\":\"https:\\\/\\\/www.staedtebau-chemnitz.de\\\/index.php\\\/die-progressive-provinz-ein-blick-in-die-zukunft-des-laendlichen-raums-nach-dem-zukunftsinstitut\\\/#breadcrumb\",\"itemListElement\":[{\"@type\":\"ListItem\",\"position\":1,\"name\":\"Startseite\",\"item\":\"https:\\\/\\\/www.staedtebau-chemnitz.de\\\/\"},{\"@type\":\"ListItem\",\"position\":2,\"name\":\"Die Progressive Provinz: Ein Blick in die Zukunft des l\u00e4ndlichen Raums nach dem Zukunftsinstitut\"}]},{\"@type\":\"WebSite\",\"@id\":\"https:\\\/\\\/www.staedtebau-chemnitz.de\\\/#website\",\"url\":\"https:\\\/\\\/www.staedtebau-chemnitz.de\\\/\",\"name\":\"B\u00fcro f\u00fcr St\u00e4dtebau GmbH Chemnitz\",\"description\":\"ganzheitliche Stadtentwicklung Bauleitplanung l\u00e4ndliche Raumplanung\",\"publisher\":{\"@id\":\"https:\\\/\\\/www.staedtebau-chemnitz.de\\\/#organization\"},\"potentialAction\":[{\"@type\":\"SearchAction\",\"target\":{\"@type\":\"EntryPoint\",\"urlTemplate\":\"https:\\\/\\\/www.staedtebau-chemnitz.de\\\/?s={search_term_string}\"},\"query-input\":{\"@type\":\"PropertyValueSpecification\",\"valueRequired\":true,\"valueName\":\"search_term_string\"}}],\"inLanguage\":\"de\"},{\"@type\":\"Organization\",\"@id\":\"https:\\\/\\\/www.staedtebau-chemnitz.de\\\/#organization\",\"name\":\"B\u00fcro f\u00fcr St\u00e4dtebau GmbH Chemnitz\",\"url\":\"https:\\\/\\\/www.staedtebau-chemnitz.de\\\/\",\"logo\":{\"@type\":\"ImageObject\",\"inLanguage\":\"de\",\"@id\":\"https:\\\/\\\/www.staedtebau-chemnitz.de\\\/#\\\/schema\\\/logo\\\/image\\\/\",\"url\":\"https:\\\/\\\/www.staedtebau-chemnitz.de\\\/wp-content\\\/uploads\\\/2022\\\/05\\\/Logo_Staedtebau_4c.png\",\"contentUrl\":\"https:\\\/\\\/www.staedtebau-chemnitz.de\\\/wp-content\\\/uploads\\\/2022\\\/05\\\/Logo_Staedtebau_4c.png\",\"width\":1217,\"height\":1077,\"caption\":\"B\u00fcro f\u00fcr St\u00e4dtebau GmbH Chemnitz\"},\"image\":{\"@id\":\"https:\\\/\\\/www.staedtebau-chemnitz.de\\\/#\\\/schema\\\/logo\\\/image\\\/\"}},{\"@type\":\"Person\",\"@id\":\"https:\\\/\\\/www.staedtebau-chemnitz.de\\\/#\\\/schema\\\/person\\\/c3fcd44a3690047f2b77986abb9c0ffb\",\"name\":\"B\u00fcro St\u00e4dtebau\",\"image\":{\"@type\":\"ImageObject\",\"inLanguage\":\"de\",\"@id\":\"https:\\\/\\\/secure.gravatar.com\\\/avatar\\\/06c9af5c5d99de06803ff3c2392048a02af40bb42a0e069eb2419377299f378a?s=96&d=mm&r=g\",\"url\":\"https:\\\/\\\/secure.gravatar.com\\\/avatar\\\/06c9af5c5d99de06803ff3c2392048a02af40bb42a0e069eb2419377299f378a?s=96&d=mm&r=g\",\"contentUrl\":\"https:\\\/\\\/secure.gravatar.com\\\/avatar\\\/06c9af5c5d99de06803ff3c2392048a02af40bb42a0e069eb2419377299f378a?s=96&d=mm&r=g\",\"caption\":\"B\u00fcro St\u00e4dtebau\"},\"description\":\"B\u00fcro f\u00fcr St\u00e4dtebau\",\"url\":\"https:\\\/\\\/www.staedtebau-chemnitz.de\\\/index.php\\\/author\\\/bfsadmin\\\/\"}]}<\/script>\n<!-- \/ Yoast SEO plugin. -->","yoast_head_json":{"title":"Die Progressive Provinz: Ein Blick in die Zukunft des l\u00e4ndlichen Raums nach dem Zukunftsinstitut - B\u00fcro f\u00fcr St\u00e4dtebau GmbH Chemnitz","description":"In einer zunehmend urbanisierten Welt, in der St\u00e4dte als Zentren von Fortschritt und Innovation gelten, geraten l\u00e4ndliche Regionen oft in den Hintergrund. Doch das Zukunftsinstitut hat einen faszinierenden Begriff gepr\u00e4gt, der die Art und Weise, wie wir \u00fcber den l\u00e4ndlichen Raum denken, grundlegend ver\u00e4ndert: Die \"Progressive Provinz\". Diese vision\u00e4re Idee er\u00f6ffnet eine neue Perspektive auf das Potenzial und die Zukunft der l\u00e4ndlichen Gebiete.","robots":{"index":"index","follow":"follow","max-snippet":"max-snippet:-1","max-image-preview":"max-image-preview:large","max-video-preview":"max-video-preview:-1"},"canonical":"https:\/\/www.staedtebau-chemnitz.de\/index.php\/die-progressive-provinz-ein-blick-in-die-zukunft-des-laendlichen-raums-nach-dem-zukunftsinstitut\/","og_locale":"de_DE","og_type":"article","og_title":"Die Progressive Provinz: Ein Blick in die Zukunft des l\u00e4ndlichen Raums nach dem Zukunftsinstitut - B\u00fcro f\u00fcr St\u00e4dtebau GmbH Chemnitz","og_description":"In einer zunehmend urbanisierten Welt, in der St\u00e4dte als Zentren von Fortschritt und Innovation gelten, geraten l\u00e4ndliche Regionen oft in den Hintergrund. Doch das Zukunftsinstitut hat einen faszinierenden Begriff gepr\u00e4gt, der die Art und Weise, wie wir \u00fcber den l\u00e4ndlichen Raum denken, grundlegend ver\u00e4ndert: Die \"Progressive Provinz\". Diese vision\u00e4re Idee er\u00f6ffnet eine neue Perspektive auf das Potenzial und die Zukunft der l\u00e4ndlichen Gebiete.","og_url":"https:\/\/www.staedtebau-chemnitz.de\/index.php\/die-progressive-provinz-ein-blick-in-die-zukunft-des-laendlichen-raums-nach-dem-zukunftsinstitut\/","og_site_name":"B\u00fcro f\u00fcr St\u00e4dtebau GmbH Chemnitz","article_published_time":"2025-09-08T03:55:03+00:00","article_modified_time":"2025-12-03T02:41:22+00:00","og_image":[{"width":2560,"height":1667,"url":"https:\/\/www.staedtebau-chemnitz.de\/wp-content\/uploads\/2024\/01\/Mildenstein_BurgLeisnig_5522-RGB-scaled.jpg","type":"image\/jpeg"}],"author":"B\u00fcro St\u00e4dtebau","twitter_card":"summary_large_image","twitter_misc":{"Verfasst von":"B\u00fcro St\u00e4dtebau","Gesch\u00e4tzte Lesezeit":"5\u00a0Minuten"},"schema":{"@context":"https:\/\/schema.org","@graph":[{"@type":"Article","@id":"https:\/\/www.staedtebau-chemnitz.de\/index.php\/die-progressive-provinz-ein-blick-in-die-zukunft-des-laendlichen-raums-nach-dem-zukunftsinstitut\/#article","isPartOf":{"@id":"https:\/\/www.staedtebau-chemnitz.de\/index.php\/die-progressive-provinz-ein-blick-in-die-zukunft-des-laendlichen-raums-nach-dem-zukunftsinstitut\/"},"author":{"name":"B\u00fcro St\u00e4dtebau","@id":"https:\/\/www.staedtebau-chemnitz.de\/#\/schema\/person\/c3fcd44a3690047f2b77986abb9c0ffb"},"headline":"Die Progressive Provinz: Ein Blick in die Zukunft des l\u00e4ndlichen Raums nach dem Zukunftsinstitut","datePublished":"2025-09-08T03:55:03+00:00","dateModified":"2025-12-03T02:41:22+00:00","mainEntityOfPage":{"@id":"https:\/\/www.staedtebau-chemnitz.de\/index.php\/die-progressive-provinz-ein-blick-in-die-zukunft-des-laendlichen-raums-nach-dem-zukunftsinstitut\/"},"wordCount":1299,"publisher":{"@id":"https:\/\/www.staedtebau-chemnitz.de\/#organization"},"image":{"@id":"https:\/\/www.staedtebau-chemnitz.de\/index.php\/die-progressive-provinz-ein-blick-in-die-zukunft-des-laendlichen-raums-nach-dem-zukunftsinstitut\/#primaryimage"},"thumbnailUrl":"https:\/\/www.staedtebau-chemnitz.de\/wp-content\/uploads\/2024\/01\/Mildenstein_BurgLeisnig_5522-RGB-scaled.jpg","articleSection":["Trends \"ZukunftStadt\""],"inLanguage":"de"},{"@type":"WebPage","@id":"https:\/\/www.staedtebau-chemnitz.de\/index.php\/die-progressive-provinz-ein-blick-in-die-zukunft-des-laendlichen-raums-nach-dem-zukunftsinstitut\/","url":"https:\/\/www.staedtebau-chemnitz.de\/index.php\/die-progressive-provinz-ein-blick-in-die-zukunft-des-laendlichen-raums-nach-dem-zukunftsinstitut\/","name":"Die Progressive Provinz: Ein Blick in die Zukunft des l\u00e4ndlichen Raums nach dem Zukunftsinstitut - B\u00fcro f\u00fcr St\u00e4dtebau GmbH Chemnitz","isPartOf":{"@id":"https:\/\/www.staedtebau-chemnitz.de\/#website"},"primaryImageOfPage":{"@id":"https:\/\/www.staedtebau-chemnitz.de\/index.php\/die-progressive-provinz-ein-blick-in-die-zukunft-des-laendlichen-raums-nach-dem-zukunftsinstitut\/#primaryimage"},"image":{"@id":"https:\/\/www.staedtebau-chemnitz.de\/index.php\/die-progressive-provinz-ein-blick-in-die-zukunft-des-laendlichen-raums-nach-dem-zukunftsinstitut\/#primaryimage"},"thumbnailUrl":"https:\/\/www.staedtebau-chemnitz.de\/wp-content\/uploads\/2024\/01\/Mildenstein_BurgLeisnig_5522-RGB-scaled.jpg","datePublished":"2025-09-08T03:55:03+00:00","dateModified":"2025-12-03T02:41:22+00:00","description":"In einer zunehmend urbanisierten Welt, in der St\u00e4dte als Zentren von Fortschritt und Innovation gelten, geraten l\u00e4ndliche Regionen oft in den Hintergrund. Doch das Zukunftsinstitut hat einen faszinierenden Begriff gepr\u00e4gt, der die Art und Weise, wie wir \u00fcber den l\u00e4ndlichen Raum denken, grundlegend ver\u00e4ndert: Die \"Progressive Provinz\". Diese vision\u00e4re Idee er\u00f6ffnet eine neue Perspektive auf das Potenzial und die Zukunft der l\u00e4ndlichen Gebiete.","breadcrumb":{"@id":"https:\/\/www.staedtebau-chemnitz.de\/index.php\/die-progressive-provinz-ein-blick-in-die-zukunft-des-laendlichen-raums-nach-dem-zukunftsinstitut\/#breadcrumb"},"inLanguage":"de","potentialAction":[{"@type":"ReadAction","target":["https:\/\/www.staedtebau-chemnitz.de\/index.php\/die-progressive-provinz-ein-blick-in-die-zukunft-des-laendlichen-raums-nach-dem-zukunftsinstitut\/"]}]},{"@type":"ImageObject","inLanguage":"de","@id":"https:\/\/www.staedtebau-chemnitz.de\/index.php\/die-progressive-provinz-ein-blick-in-die-zukunft-des-laendlichen-raums-nach-dem-zukunftsinstitut\/#primaryimage","url":"https:\/\/www.staedtebau-chemnitz.de\/wp-content\/uploads\/2024\/01\/Mildenstein_BurgLeisnig_5522-RGB-scaled.jpg","contentUrl":"https:\/\/www.staedtebau-chemnitz.de\/wp-content\/uploads\/2024\/01\/Mildenstein_BurgLeisnig_5522-RGB-scaled.jpg","width":2560,"height":1667,"caption":"Progressive Provinz Zukunftsinstitut"},{"@type":"BreadcrumbList","@id":"https:\/\/www.staedtebau-chemnitz.de\/index.php\/die-progressive-provinz-ein-blick-in-die-zukunft-des-laendlichen-raums-nach-dem-zukunftsinstitut\/#breadcrumb","itemListElement":[{"@type":"ListItem","position":1,"name":"Startseite","item":"https:\/\/www.staedtebau-chemnitz.de\/"},{"@type":"ListItem","position":2,"name":"Die Progressive Provinz: Ein Blick in die Zukunft des l\u00e4ndlichen Raums nach dem Zukunftsinstitut"}]},{"@type":"WebSite","@id":"https:\/\/www.staedtebau-chemnitz.de\/#website","url":"https:\/\/www.staedtebau-chemnitz.de\/","name":"B\u00fcro f\u00fcr St\u00e4dtebau GmbH Chemnitz","description":"ganzheitliche Stadtentwicklung Bauleitplanung l\u00e4ndliche Raumplanung","publisher":{"@id":"https:\/\/www.staedtebau-chemnitz.de\/#organization"},"potentialAction":[{"@type":"SearchAction","target":{"@type":"EntryPoint","urlTemplate":"https:\/\/www.staedtebau-chemnitz.de\/?s={search_term_string}"},"query-input":{"@type":"PropertyValueSpecification","valueRequired":true,"valueName":"search_term_string"}}],"inLanguage":"de"},{"@type":"Organization","@id":"https:\/\/www.staedtebau-chemnitz.de\/#organization","name":"B\u00fcro f\u00fcr St\u00e4dtebau GmbH Chemnitz","url":"https:\/\/www.staedtebau-chemnitz.de\/","logo":{"@type":"ImageObject","inLanguage":"de","@id":"https:\/\/www.staedtebau-chemnitz.de\/#\/schema\/logo\/image\/","url":"https:\/\/www.staedtebau-chemnitz.de\/wp-content\/uploads\/2022\/05\/Logo_Staedtebau_4c.png","contentUrl":"https:\/\/www.staedtebau-chemnitz.de\/wp-content\/uploads\/2022\/05\/Logo_Staedtebau_4c.png","width":1217,"height":1077,"caption":"B\u00fcro f\u00fcr St\u00e4dtebau GmbH Chemnitz"},"image":{"@id":"https:\/\/www.staedtebau-chemnitz.de\/#\/schema\/logo\/image\/"}},{"@type":"Person","@id":"https:\/\/www.staedtebau-chemnitz.de\/#\/schema\/person\/c3fcd44a3690047f2b77986abb9c0ffb","name":"B\u00fcro St\u00e4dtebau","image":{"@type":"ImageObject","inLanguage":"de","@id":"https:\/\/secure.gravatar.com\/avatar\/06c9af5c5d99de06803ff3c2392048a02af40bb42a0e069eb2419377299f378a?s=96&d=mm&r=g","url":"https:\/\/secure.gravatar.com\/avatar\/06c9af5c5d99de06803ff3c2392048a02af40bb42a0e069eb2419377299f378a?s=96&d=mm&r=g","contentUrl":"https:\/\/secure.gravatar.com\/avatar\/06c9af5c5d99de06803ff3c2392048a02af40bb42a0e069eb2419377299f378a?s=96&d=mm&r=g","caption":"B\u00fcro St\u00e4dtebau"},"description":"B\u00fcro f\u00fcr St\u00e4dtebau","url":"https:\/\/www.staedtebau-chemnitz.de\/index.php\/author\/bfsadmin\/"}]}},"_links":{"self":[{"href":"https:\/\/www.staedtebau-chemnitz.de\/index.php\/wp-json\/wp\/v2\/posts\/8079","targetHints":{"allow":["GET"]}}],"collection":[{"href":"https:\/\/www.staedtebau-chemnitz.de\/index.php\/wp-json\/wp\/v2\/posts"}],"about":[{"href":"https:\/\/www.staedtebau-chemnitz.de\/index.php\/wp-json\/wp\/v2\/types\/post"}],"author":[{"embeddable":true,"href":"https:\/\/www.staedtebau-chemnitz.de\/index.php\/wp-json\/wp\/v2\/users\/2"}],"replies":[{"embeddable":true,"href":"https:\/\/www.staedtebau-chemnitz.de\/index.php\/wp-json\/wp\/v2\/comments?post=8079"}],"version-history":[{"count":42,"href":"https:\/\/www.staedtebau-chemnitz.de\/index.php\/wp-json\/wp\/v2\/posts\/8079\/revisions"}],"predecessor-version":[{"id":10720,"href":"https:\/\/www.staedtebau-chemnitz.de\/index.php\/wp-json\/wp\/v2\/posts\/8079\/revisions\/10720"}],"wp:featuredmedia":[{"embeddable":true,"href":"https:\/\/www.staedtebau-chemnitz.de\/index.php\/wp-json\/wp\/v2\/media\/8080"}],"wp:attachment":[{"href":"https:\/\/www.staedtebau-chemnitz.de\/index.php\/wp-json\/wp\/v2\/media?parent=8079"}],"wp:term":[{"taxonomy":"category","embeddable":true,"href":"https:\/\/www.staedtebau-chemnitz.de\/index.php\/wp-json\/wp\/v2\/categories?post=8079"},{"taxonomy":"post_tag","embeddable":true,"href":"https:\/\/www.staedtebau-chemnitz.de\/index.php\/wp-json\/wp\/v2\/tags?post=8079"}],"curies":[{"name":"wp","href":"https:\/\/api.w.org\/{rel}","templated":true}]}}