{"id":7652,"date":"2025-10-06T06:00:52","date_gmt":"2025-10-06T04:00:52","guid":{"rendered":"https:\/\/www.staedtebau-chemnitz.de\/?p=7652"},"modified":"2025-10-02T09:49:31","modified_gmt":"2025-10-02T07:49:31","slug":"mobilitaetsgerechte-stadt","status":"publish","type":"post","link":"https:\/\/www.staedtebau-chemnitz.de\/index.php\/mobilitaetsgerechte-stadt\/","title":{"rendered":"Mobilit\u00e4tsgerechte Stadt"},"content":{"rendered":"<div class=\"fusion-fullwidth fullwidth-box fusion-builder-row-1 fusion-flex-container has-pattern-background has-mask-background nonhundred-percent-fullwidth non-hundred-percent-height-scrolling\" style=\"--awb-border-radius-top-left:0px;--awb-border-radius-top-right:0px;--awb-border-radius-bottom-right:0px;--awb-border-radius-bottom-left:0px;--awb-flex-wrap:wrap;\" ><div class=\"fusion-builder-row fusion-row fusion-flex-align-items-flex-start fusion-flex-content-wrap\" style=\"max-width:1248px;margin-left: calc(-4% \/ 2 );margin-right: calc(-4% \/ 2 );\"><div class=\"fusion-layout-column fusion_builder_column fusion-builder-column-0 fusion_builder_column_1_1 1_1 fusion-flex-column\" style=\"--awb-bg-size:cover;--awb-width-large:100%;--awb-margin-top-large:0px;--awb-spacing-right-large:1.92%;--awb-margin-bottom-large:20px;--awb-spacing-left-large:1.92%;--awb-width-medium:100%;--awb-order-medium:0;--awb-spacing-right-medium:1.92%;--awb-spacing-left-medium:1.92%;--awb-width-small:100%;--awb-order-small:0;--awb-spacing-right-small:1.92%;--awb-spacing-left-small:1.92%;\"><div class=\"fusion-column-wrapper fusion-column-has-shadow fusion-flex-justify-content-flex-start fusion-content-layout-column\"><div class=\"fusion-text fusion-text-1\"><h5><strong>Die Bedeutung der Stadtplanung f\u00fcr eine mobilit\u00e4tsgerechte Stadt<\/strong><\/h5>\n<p>Von <strong>Jan Gehl<\/strong>, dem bekannten d\u00e4nischen Architekten und Stadtplaner stammt das Zitat: &#8222;Viel zu lange haben wir St\u00e4dte geplant, als wollten wir Autos gl\u00fccklich machen. Dabei sollen St\u00e4dte doch Menschen gl\u00fccklich machen.&#8220; (Stern Nr. 21, 20. Mai 2021)<\/p>\n<p>In einer Welt, die sich immer weiter urbanisiert, steht die <strong>Frage nach einer nachhaltigen und zukunftsf\u00e4higen Mobilit\u00e4t<\/strong> im Vordergrund. Der Verkehr ist einer der gr\u00f6\u00dften Verursacher von Treibhausgasemissionen und Umweltverschmutzung in unseren St\u00e4dten.<\/p>\n<p>Die <strong>Entwicklung einer mobilit\u00e4tsgerechten Stadt<\/strong> ist ein <strong>entscheidender Schritt in Richtung einer nachhaltigen und lebenswerten Zukunft<\/strong>. In einer Zeit, in der st\u00e4dtische R\u00e4ume zunehmend von Verkehrsstaus, Umweltverschmutzung und einer wachsenden Bev\u00f6lkerung gepr\u00e4gt sind, ist es von entscheidender Bedeutung, dass Stadtplaner:innen und Entscheidungstr\u00e4ger:innen die Bed\u00fcrfnisse der Menschen in den Mittelpunkt stellen und L\u00f6sungen schaffen, die die Mobilit\u00e4t f\u00fcr alle erleichtern und verbessern.<\/p>\n<p>Eine mobilit\u00e4tsgerechte Stadtplanung sollte daher darauf abzielen, den motorisierten Individualverkehr zu reduzieren und stattdessen umweltfreundliche Alternativen zu f\u00f6rdern. Eine <strong>mobilit\u00e4tsgerechte Stadt<\/strong> ist der Schl\u00fcssel zu einer lebenswerten und effizienten urbanen Umgebung. Doch was bedeutet eigentlich &#8222;mobilit\u00e4tsgerecht&#8220; und wie sieht eine solche Stadt aus?<\/p>\n<h6><strong>Was ist eine mobilit\u00e4tsgerechte Stadt?<\/strong><\/h6>\n<p>Eine <strong>mobilit\u00e4tsgerechte Stadt<\/strong> ist eine Stadt, die so gestaltet ist, dass sie den Menschen eine vielf\u00e4ltige, sichere, barrierefreie und nachhaltige Mobilit\u00e4t bietet. Sie integriert verschiedene Verkehrstr\u00e4ger nahtlos miteinander und f\u00f6rdert die Nutzung von \u00f6ffentlichen Verkehrsmitteln, Radfahren, Gehen und anderen umweltfreundlichen Fortbewegungsmitteln. In einer mobilit\u00e4tsgerechten Stadt sind die Entfernungen zwischen Wohn-, Arbeits- und Freizeitbereichen kurz, sodass die Menschen weniger Zeit auf der Stra\u00dfe verbringen und mehr Zeit f\u00fcr ihr privates Leben und Umfeld haben.<\/p>\n<p>Eine mobilit\u00e4tsgerechte Stadt ist eine Stadt, in der die <strong>Bed\u00fcrfnisse der Menschen<\/strong> im Hinblick auf Mobilit\u00e4t vollst\u00e4ndig erf\u00fcllt werden. Es ist eine Stadt, die darauf ausgerichtet ist, die Fortbewegung f\u00fcr alle Bev\u00f6lkerungsgruppen sicher, bequem, erschwinglich und umweltfreundlich zu gestalten. Der Fokus liegt dabei auf einer effizienten Nutzung des vorhandenen Raums, der Reduzierung von Verkehrsstaus und der F\u00f6rderung von Alternativen zum motorisierten Individualverkehr.<\/p>\n<p>Eine mobilit\u00e4tsgerechte Stadt ist ein <strong>wesentlicher Bestandteil einer nachhaltigen Stadtentwicklung<\/strong>.<\/p>\n<h6><strong>Merkmale einer mobilit\u00e4tsgerechten Stadt<\/strong><\/h6>\n<ol>\n<li style=\"text-align: left;\"><strong>Gute Infrastruktur f\u00fcr Fu\u00dfg\u00e4nger und Radfahrer:<\/strong> Eine mobilit\u00e4tsgerechte Stadt bietet ein gut ausgebautes Netz von Fu\u00dfg\u00e4ngerzonen und Radwegen, die es den Menschen erm\u00f6glichen, sich sicher und schnell durch die Stadt zu bewegen. Dadurch wird nicht nur die Lebensqualit\u00e4t erh\u00f6ht, sondern auch die Luftqualit\u00e4t verbessert.<\/li>\n<li style=\"text-align: left;\"><strong>\u00d6ffentlicher Nahverkehr:<\/strong> Ein effizienter und gut vernetzter \u00f6ffentlicher Nahverkehr ist ein zentraler Bestandteil einer mobilit\u00e4tsgerechten Stadt. Busse, Stra\u00dfenbahnen oder U-Bahnen bieten eine umweltfreundliche Alternative zum privaten Auto und tragen zur Entlastung des Stra\u00dfenverkehrs bei.<\/li>\n<li style=\"text-align: left;\"><strong>Carsharing und Mikromobilit\u00e4t:<\/strong> Die F\u00f6rderung von Carsharing-Modellen und anderen Formen der Mikromobilit\u00e4t, wie E-Scooter oder E-Bikes, erleichtert den Zugang zu Fahrzeugen und bietet flexible Transportm\u00f6glichkeiten f\u00fcr kurze Strecken.<\/li>\n<li style=\"text-align: left;\"><strong>Stadtraumgestaltung:<\/strong> Eine mobilit\u00e4tsgerechte Stadt ber\u00fccksichtigt bei der Gestaltung von Stra\u00dfen und \u00f6ffentlichen Pl\u00e4tzen die Bed\u00fcrfnisse aller Verkehrsteilnehmer. Es werden moderne Konzepte wie Shared-Space oder verkehrsberuhigte Zonen umgesetzt, um die Sicherheit und Aufenthaltsqualit\u00e4t zu erh\u00f6hen.<\/li>\n<li style=\"text-align: left;\"><strong>Nachhaltige Verkehrsmittel:<\/strong> Die Stadt setzt verst\u00e4rkt auf umweltfreundliche Verkehrsmittel, wie Elektrobusse, Wasserstoffz\u00fcge oder andere emissionsarme Technologien, um die Belastung der Umwelt durch den Verkehr zu reduzieren.<\/li>\n<li><strong>Zug\u00e4nglichkeit f\u00fcr alle:<\/strong> Eine mobilit\u00e4tsgerechte Stadt bedeutet, dass sie f\u00fcr alle Menschen zug\u00e4nglich sein sollte, unabh\u00e4ngig von Alter, Geschlecht, k\u00f6rperlicher F\u00e4higkeit oder Einkommen. Dies kann durch den Ausbau von barrierefreien Gehwegen, \u00f6ffentlichem Nahverkehr und Fahrradwegen erreicht werden. Indem man die Bed\u00fcrfnisse der gesamten Bev\u00f6lkerung ber\u00fccksichtigt, f\u00f6rdert eine solche Stadtplanung soziale Integration und Gleichberechtigung.<\/li>\n<\/ol>\n<h6><strong>Vorteile einer mobilit\u00e4tsgerechten Stadt<\/strong><\/h6>\n<ol>\n<li><strong>Lebensqualit\u00e4t:<\/strong> Eine gut gestaltete mobilit\u00e4tsgerechte Stadt f\u00f6rdert die Lebensqualit\u00e4t ihrer Bewohnerinnen und Bewohner. Durch die Verringerung des Verkehrsaufkommens werden Luftverschmutzung und L\u00e4rmbel\u00e4stigung reduziert, was zu einer ges\u00fcnderen und angenehmeren Umgebung f\u00fchrt. Kurze Wege erm\u00f6glichen es den Menschen, ihre Zeit effizienter zu nutzen und stressfrei zu pendeln.<\/li>\n<li><strong>Weniger Verkehrsbelastung:<\/strong> Eine mobilit\u00e4tsgerechte Stadt reduziert den Individualverkehr und verringert dadurch Verkehrsstaus und die Zeit, die Menschen im Verkehr verbringen.<\/li>\n<li><strong>Gesundheitliche Vorteile:<\/strong> Eine Stadt, die auf Mobilit\u00e4t ausgerichtet ist, kann auch die Gesundheit und das Wohlbefinden ihrer Bewohner:innen verbessern.<\/li>\n<li><strong>Umweltschutz:<\/strong> Durch den verst\u00e4rkten Einsatz von nachhaltigen Verkehrsmitteln und den R\u00fcckgang des Autoverkehrs kann eine mobilit\u00e4tsgerechte Stadt einen wichtigen Beitrag zum Klimaschutz leisten.<\/li>\n<li><strong>Parkfl\u00e4chen<\/strong> werden zu attraktiven Gr\u00fcnfl\u00e4chen und Parks mit einer hohen Aufenthaltsqualit\u00e4t umgestaltet<\/li>\n<li>Weniger Autoverkehr bedeutet <strong>weniger L\u00e4rmbelastung<\/strong>.<\/li>\n<li><strong>Wirtschaftliche Entwicklung:<\/strong> Mobilit\u00e4tsgerechte St\u00e4dte k\u00f6nnen auch die wirtschaftliche Entwicklung f\u00f6rdern. Eine verbesserte Verkehrsinfrastruktur und eine hohe Erreichbarkeit der Stadt f\u00fchren dazu, dass Unternehmen leichter Fachkr\u00e4fte gewinnen k\u00f6nnen. Gleichzeitig werden die \u00f6rtliche Wirtschaft und der Tourismus gest\u00e4rkt. Eine gut vernetzte Stadt ist einfach attraktiver f\u00fcr Investor:innen und Besucher:innen.<\/li>\n<\/ol>\n<p>Eine mobilit\u00e4tsgerechte Stadt ist nicht nur eine Vision, sondern auch eine Notwendigkeit, um den <strong>Herausforderungen des urbanen Lebens im 21. Jahrhundert<\/strong> gerecht zu werden. Durch eine intelligente Infrastruktur und nachhaltige Verkehrskonzepte kann eine solche Stadt die Lebensqualit\u00e4t verbessern, die Umwelt sch\u00fctzen und die Mobilit\u00e4t f\u00fcr alle Bev\u00f6lkerungsgruppen zug\u00e4nglich machen. Kommunen, Stadtplaner:innen, Verkehrsplaner:innen, Architekt:innen, Landschaftsarchitekt:innen sowie -planer:innen und B\u00fcrger:innen sollten gemeinsam daran arbeiten, diese Vision einer mobilit\u00e4tsgerechten Stadt Realit\u00e4t werden zu lassen und somit eine lebenswerte Stadt gemeinsam zu gestalten.<\/p>\n<\/div><div class=\"fusion-testimonials classic fusion-testimonials-1\" style=\"--awb-textcolor:var(--awb-color8);--awb-backgroundcolor:var(--awb-color1);\" data-random=\"0\" data-speed=\"4000\"><div class=\"reviews\"><div class=\"review active-testimonial avatar-image\"><blockquote><q class=\"fusion-clearfix\"><\/q><\/blockquote><div class=\"author\"><span class=\"testimonial-thumbnail\"><img decoding=\"async\" class=\"testimonial-image\" src=\"https:\/\/www.staedtebau-chemnitz.de\/wp-content\/uploads\/2021\/03\/cropped-ICON.jpg\" width=\"512\" height=\"512\" alt=\"B\u00fcro f\u00fcr St\u00e4dtebau GmbH Chemnitz\" \/><\/span><span class=\"company-name\"><strong>B\u00fcro f\u00fcr St\u00e4dtebau GmbH Chemnitz<\/strong><\/span><\/div><\/div><\/div><\/div><div class=\"fusion-separator fusion-full-width-sep\" style=\"align-self: center;margin-left: auto;margin-right: auto;margin-bottom:20px;width:100%;\"><\/div><div ><a class=\"fusion-button button-flat fusion-button-default-size button-default fusion-button-default button-1 fusion-button-default-span fusion-button-default-type\" target=\"_self\" href=\"https:\/\/www.staedtebau-chemnitz.de\/index.php\/blog-2\/\"><span class=\"fusion-button-text\">Zur\u00fcck<\/span><\/a><\/div><div class=\"fusion-separator fusion-full-width-sep\" style=\"align-self: center;margin-left: auto;margin-right: auto;margin-bottom:20px;width:100%;\"><\/div><\/div><\/div><\/div><\/div>\n","protected":false},"excerpt":{"rendered":"","protected":false},"author":2,"featured_media":7656,"comment_status":"closed","ping_status":"open","sticky":false,"template":"","format":"standard","meta":{"inline_featured_image":false,"footnotes":""},"categories":[38],"tags":[],"class_list":["post-7652","post","type-post","status-publish","format-standard","has-post-thumbnail","hentry","category-trends-zukunftstadt"],"yoast_head":"<!-- This site is optimized with the Yoast SEO plugin v27.4 - https:\/\/yoast.com\/product\/yoast-seo-wordpress\/ -->\n<title>Mobilit\u00e4tsgerechte Stadt - B\u00fcro f\u00fcr St\u00e4dtebau GmbH Chemnitz<\/title>\n<meta name=\"description\" content=\"In einer Welt, die sich immer weiter urbanisiert, steht die Frage nach einer nachhaltigen und zukunftsf\u00e4higen Mobilit\u00e4t im Vordergrund. Der Verkehr ist einer der gr\u00f6\u00dften Verursacher von Treibhausgasemissionen und Umweltverschmutzung in unseren St\u00e4dten.\" \/>\n<meta name=\"robots\" content=\"index, follow, max-snippet:-1, max-image-preview:large, max-video-preview:-1\" \/>\n<link rel=\"canonical\" href=\"https:\/\/www.staedtebau-chemnitz.de\/index.php\/mobilitaetsgerechte-stadt\/\" \/>\n<meta property=\"og:locale\" content=\"de_DE\" \/>\n<meta property=\"og:type\" content=\"article\" \/>\n<meta property=\"og:title\" content=\"Mobilit\u00e4tsgerechte Stadt - B\u00fcro f\u00fcr St\u00e4dtebau GmbH Chemnitz\" \/>\n<meta property=\"og:description\" content=\"In einer Welt, die sich immer weiter urbanisiert, steht die Frage nach einer nachhaltigen und zukunftsf\u00e4higen Mobilit\u00e4t im Vordergrund. Der Verkehr ist einer der gr\u00f6\u00dften Verursacher von Treibhausgasemissionen und Umweltverschmutzung in unseren St\u00e4dten.\" \/>\n<meta property=\"og:url\" content=\"https:\/\/www.staedtebau-chemnitz.de\/index.php\/mobilitaetsgerechte-stadt\/\" \/>\n<meta property=\"og:site_name\" content=\"B\u00fcro f\u00fcr St\u00e4dtebau GmbH Chemnitz\" \/>\n<meta property=\"article:published_time\" content=\"2025-10-06T04:00:52+00:00\" \/>\n<meta property=\"og:image\" content=\"https:\/\/www.staedtebau-chemnitz.de\/wp-content\/uploads\/2023\/11\/blur-g1d910daeb_1280.jpg\" \/>\n\t<meta property=\"og:image:width\" content=\"1280\" \/>\n\t<meta property=\"og:image:height\" content=\"853\" \/>\n\t<meta property=\"og:image:type\" content=\"image\/jpeg\" \/>\n<meta name=\"author\" content=\"B\u00fcro St\u00e4dtebau\" \/>\n<meta name=\"twitter:card\" content=\"summary_large_image\" \/>\n<meta name=\"twitter:label1\" content=\"Verfasst von\" \/>\n\t<meta name=\"twitter:data1\" content=\"B\u00fcro St\u00e4dtebau\" \/>\n\t<meta name=\"twitter:label2\" content=\"Gesch\u00e4tzte Lesezeit\" \/>\n\t<meta name=\"twitter:data2\" content=\"5\u00a0Minuten\" \/>\n<script type=\"application\/ld+json\" class=\"yoast-schema-graph\">{\"@context\":\"https:\\\/\\\/schema.org\",\"@graph\":[{\"@type\":\"Article\",\"@id\":\"https:\\\/\\\/www.staedtebau-chemnitz.de\\\/index.php\\\/mobilitaetsgerechte-stadt\\\/#article\",\"isPartOf\":{\"@id\":\"https:\\\/\\\/www.staedtebau-chemnitz.de\\\/index.php\\\/mobilitaetsgerechte-stadt\\\/\"},\"author\":{\"name\":\"B\u00fcro St\u00e4dtebau\",\"@id\":\"https:\\\/\\\/www.staedtebau-chemnitz.de\\\/#\\\/schema\\\/person\\\/c3fcd44a3690047f2b77986abb9c0ffb\"},\"headline\":\"Mobilit\u00e4tsgerechte Stadt\",\"datePublished\":\"2025-10-06T04:00:52+00:00\",\"mainEntityOfPage\":{\"@id\":\"https:\\\/\\\/www.staedtebau-chemnitz.de\\\/index.php\\\/mobilitaetsgerechte-stadt\\\/\"},\"wordCount\":2223,\"publisher\":{\"@id\":\"https:\\\/\\\/www.staedtebau-chemnitz.de\\\/#organization\"},\"image\":{\"@id\":\"https:\\\/\\\/www.staedtebau-chemnitz.de\\\/index.php\\\/mobilitaetsgerechte-stadt\\\/#primaryimage\"},\"thumbnailUrl\":\"https:\\\/\\\/www.staedtebau-chemnitz.de\\\/wp-content\\\/uploads\\\/2023\\\/11\\\/blur-g1d910daeb_1280.jpg\",\"articleSection\":[\"Trends \\\"ZukunftStadt\\\"\"],\"inLanguage\":\"de\"},{\"@type\":\"WebPage\",\"@id\":\"https:\\\/\\\/www.staedtebau-chemnitz.de\\\/index.php\\\/mobilitaetsgerechte-stadt\\\/\",\"url\":\"https:\\\/\\\/www.staedtebau-chemnitz.de\\\/index.php\\\/mobilitaetsgerechte-stadt\\\/\",\"name\":\"Mobilit\u00e4tsgerechte Stadt - B\u00fcro f\u00fcr St\u00e4dtebau GmbH Chemnitz\",\"isPartOf\":{\"@id\":\"https:\\\/\\\/www.staedtebau-chemnitz.de\\\/#website\"},\"primaryImageOfPage\":{\"@id\":\"https:\\\/\\\/www.staedtebau-chemnitz.de\\\/index.php\\\/mobilitaetsgerechte-stadt\\\/#primaryimage\"},\"image\":{\"@id\":\"https:\\\/\\\/www.staedtebau-chemnitz.de\\\/index.php\\\/mobilitaetsgerechte-stadt\\\/#primaryimage\"},\"thumbnailUrl\":\"https:\\\/\\\/www.staedtebau-chemnitz.de\\\/wp-content\\\/uploads\\\/2023\\\/11\\\/blur-g1d910daeb_1280.jpg\",\"datePublished\":\"2025-10-06T04:00:52+00:00\",\"description\":\"In einer Welt, die sich immer weiter urbanisiert, steht die Frage nach einer nachhaltigen und zukunftsf\u00e4higen Mobilit\u00e4t im Vordergrund. Der Verkehr ist einer der gr\u00f6\u00dften Verursacher von Treibhausgasemissionen und Umweltverschmutzung in unseren St\u00e4dten.\",\"breadcrumb\":{\"@id\":\"https:\\\/\\\/www.staedtebau-chemnitz.de\\\/index.php\\\/mobilitaetsgerechte-stadt\\\/#breadcrumb\"},\"inLanguage\":\"de\",\"potentialAction\":[{\"@type\":\"ReadAction\",\"target\":[\"https:\\\/\\\/www.staedtebau-chemnitz.de\\\/index.php\\\/mobilitaetsgerechte-stadt\\\/\"]}]},{\"@type\":\"ImageObject\",\"inLanguage\":\"de\",\"@id\":\"https:\\\/\\\/www.staedtebau-chemnitz.de\\\/index.php\\\/mobilitaetsgerechte-stadt\\\/#primaryimage\",\"url\":\"https:\\\/\\\/www.staedtebau-chemnitz.de\\\/wp-content\\\/uploads\\\/2023\\\/11\\\/blur-g1d910daeb_1280.jpg\",\"contentUrl\":\"https:\\\/\\\/www.staedtebau-chemnitz.de\\\/wp-content\\\/uploads\\\/2023\\\/11\\\/blur-g1d910daeb_1280.jpg\",\"width\":1280,\"height\":853,\"caption\":\"Mobilit\u00e4tsgerechte Stadt Stadtplanungsb\u00fcro B\u00fcro f\u00fcr St\u00e4dtebau GmbH Chemnitz\"},{\"@type\":\"BreadcrumbList\",\"@id\":\"https:\\\/\\\/www.staedtebau-chemnitz.de\\\/index.php\\\/mobilitaetsgerechte-stadt\\\/#breadcrumb\",\"itemListElement\":[{\"@type\":\"ListItem\",\"position\":1,\"name\":\"Startseite\",\"item\":\"https:\\\/\\\/www.staedtebau-chemnitz.de\\\/\"},{\"@type\":\"ListItem\",\"position\":2,\"name\":\"Mobilit\u00e4tsgerechte Stadt\"}]},{\"@type\":\"WebSite\",\"@id\":\"https:\\\/\\\/www.staedtebau-chemnitz.de\\\/#website\",\"url\":\"https:\\\/\\\/www.staedtebau-chemnitz.de\\\/\",\"name\":\"B\u00fcro f\u00fcr St\u00e4dtebau GmbH Chemnitz\",\"description\":\"ganzheitliche Stadtentwicklung Bauleitplanung l\u00e4ndliche Raumplanung\",\"publisher\":{\"@id\":\"https:\\\/\\\/www.staedtebau-chemnitz.de\\\/#organization\"},\"potentialAction\":[{\"@type\":\"SearchAction\",\"target\":{\"@type\":\"EntryPoint\",\"urlTemplate\":\"https:\\\/\\\/www.staedtebau-chemnitz.de\\\/?s={search_term_string}\"},\"query-input\":{\"@type\":\"PropertyValueSpecification\",\"valueRequired\":true,\"valueName\":\"search_term_string\"}}],\"inLanguage\":\"de\"},{\"@type\":\"Organization\",\"@id\":\"https:\\\/\\\/www.staedtebau-chemnitz.de\\\/#organization\",\"name\":\"B\u00fcro f\u00fcr St\u00e4dtebau GmbH Chemnitz\",\"url\":\"https:\\\/\\\/www.staedtebau-chemnitz.de\\\/\",\"logo\":{\"@type\":\"ImageObject\",\"inLanguage\":\"de\",\"@id\":\"https:\\\/\\\/www.staedtebau-chemnitz.de\\\/#\\\/schema\\\/logo\\\/image\\\/\",\"url\":\"https:\\\/\\\/www.staedtebau-chemnitz.de\\\/wp-content\\\/uploads\\\/2022\\\/05\\\/Logo_Staedtebau_4c.png\",\"contentUrl\":\"https:\\\/\\\/www.staedtebau-chemnitz.de\\\/wp-content\\\/uploads\\\/2022\\\/05\\\/Logo_Staedtebau_4c.png\",\"width\":1217,\"height\":1077,\"caption\":\"B\u00fcro f\u00fcr St\u00e4dtebau GmbH Chemnitz\"},\"image\":{\"@id\":\"https:\\\/\\\/www.staedtebau-chemnitz.de\\\/#\\\/schema\\\/logo\\\/image\\\/\"}},{\"@type\":\"Person\",\"@id\":\"https:\\\/\\\/www.staedtebau-chemnitz.de\\\/#\\\/schema\\\/person\\\/c3fcd44a3690047f2b77986abb9c0ffb\",\"name\":\"B\u00fcro St\u00e4dtebau\",\"image\":{\"@type\":\"ImageObject\",\"inLanguage\":\"de\",\"@id\":\"https:\\\/\\\/secure.gravatar.com\\\/avatar\\\/06c9af5c5d99de06803ff3c2392048a02af40bb42a0e069eb2419377299f378a?s=96&d=mm&r=g\",\"url\":\"https:\\\/\\\/secure.gravatar.com\\\/avatar\\\/06c9af5c5d99de06803ff3c2392048a02af40bb42a0e069eb2419377299f378a?s=96&d=mm&r=g\",\"contentUrl\":\"https:\\\/\\\/secure.gravatar.com\\\/avatar\\\/06c9af5c5d99de06803ff3c2392048a02af40bb42a0e069eb2419377299f378a?s=96&d=mm&r=g\",\"caption\":\"B\u00fcro St\u00e4dtebau\"},\"description\":\"B\u00fcro f\u00fcr St\u00e4dtebau\",\"url\":\"https:\\\/\\\/www.staedtebau-chemnitz.de\\\/index.php\\\/author\\\/bfsadmin\\\/\"}]}<\/script>\n<!-- \/ Yoast SEO plugin. -->","yoast_head_json":{"title":"Mobilit\u00e4tsgerechte Stadt - B\u00fcro f\u00fcr St\u00e4dtebau GmbH Chemnitz","description":"In einer Welt, die sich immer weiter urbanisiert, steht die Frage nach einer nachhaltigen und zukunftsf\u00e4higen Mobilit\u00e4t im Vordergrund. Der Verkehr ist einer der gr\u00f6\u00dften Verursacher von Treibhausgasemissionen und Umweltverschmutzung in unseren St\u00e4dten.","robots":{"index":"index","follow":"follow","max-snippet":"max-snippet:-1","max-image-preview":"max-image-preview:large","max-video-preview":"max-video-preview:-1"},"canonical":"https:\/\/www.staedtebau-chemnitz.de\/index.php\/mobilitaetsgerechte-stadt\/","og_locale":"de_DE","og_type":"article","og_title":"Mobilit\u00e4tsgerechte Stadt - B\u00fcro f\u00fcr St\u00e4dtebau GmbH Chemnitz","og_description":"In einer Welt, die sich immer weiter urbanisiert, steht die Frage nach einer nachhaltigen und zukunftsf\u00e4higen Mobilit\u00e4t im Vordergrund. Der Verkehr ist einer der gr\u00f6\u00dften Verursacher von Treibhausgasemissionen und Umweltverschmutzung in unseren St\u00e4dten.","og_url":"https:\/\/www.staedtebau-chemnitz.de\/index.php\/mobilitaetsgerechte-stadt\/","og_site_name":"B\u00fcro f\u00fcr St\u00e4dtebau GmbH Chemnitz","article_published_time":"2025-10-06T04:00:52+00:00","og_image":[{"width":1280,"height":853,"url":"https:\/\/www.staedtebau-chemnitz.de\/wp-content\/uploads\/2023\/11\/blur-g1d910daeb_1280.jpg","type":"image\/jpeg"}],"author":"B\u00fcro St\u00e4dtebau","twitter_card":"summary_large_image","twitter_misc":{"Verfasst von":"B\u00fcro St\u00e4dtebau","Gesch\u00e4tzte Lesezeit":"5\u00a0Minuten"},"schema":{"@context":"https:\/\/schema.org","@graph":[{"@type":"Article","@id":"https:\/\/www.staedtebau-chemnitz.de\/index.php\/mobilitaetsgerechte-stadt\/#article","isPartOf":{"@id":"https:\/\/www.staedtebau-chemnitz.de\/index.php\/mobilitaetsgerechte-stadt\/"},"author":{"name":"B\u00fcro St\u00e4dtebau","@id":"https:\/\/www.staedtebau-chemnitz.de\/#\/schema\/person\/c3fcd44a3690047f2b77986abb9c0ffb"},"headline":"Mobilit\u00e4tsgerechte Stadt","datePublished":"2025-10-06T04:00:52+00:00","mainEntityOfPage":{"@id":"https:\/\/www.staedtebau-chemnitz.de\/index.php\/mobilitaetsgerechte-stadt\/"},"wordCount":2223,"publisher":{"@id":"https:\/\/www.staedtebau-chemnitz.de\/#organization"},"image":{"@id":"https:\/\/www.staedtebau-chemnitz.de\/index.php\/mobilitaetsgerechte-stadt\/#primaryimage"},"thumbnailUrl":"https:\/\/www.staedtebau-chemnitz.de\/wp-content\/uploads\/2023\/11\/blur-g1d910daeb_1280.jpg","articleSection":["Trends \"ZukunftStadt\""],"inLanguage":"de"},{"@type":"WebPage","@id":"https:\/\/www.staedtebau-chemnitz.de\/index.php\/mobilitaetsgerechte-stadt\/","url":"https:\/\/www.staedtebau-chemnitz.de\/index.php\/mobilitaetsgerechte-stadt\/","name":"Mobilit\u00e4tsgerechte Stadt - B\u00fcro f\u00fcr St\u00e4dtebau GmbH Chemnitz","isPartOf":{"@id":"https:\/\/www.staedtebau-chemnitz.de\/#website"},"primaryImageOfPage":{"@id":"https:\/\/www.staedtebau-chemnitz.de\/index.php\/mobilitaetsgerechte-stadt\/#primaryimage"},"image":{"@id":"https:\/\/www.staedtebau-chemnitz.de\/index.php\/mobilitaetsgerechte-stadt\/#primaryimage"},"thumbnailUrl":"https:\/\/www.staedtebau-chemnitz.de\/wp-content\/uploads\/2023\/11\/blur-g1d910daeb_1280.jpg","datePublished":"2025-10-06T04:00:52+00:00","description":"In einer Welt, die sich immer weiter urbanisiert, steht die Frage nach einer nachhaltigen und zukunftsf\u00e4higen Mobilit\u00e4t im Vordergrund. Der Verkehr ist einer der gr\u00f6\u00dften Verursacher von Treibhausgasemissionen und Umweltverschmutzung in unseren St\u00e4dten.","breadcrumb":{"@id":"https:\/\/www.staedtebau-chemnitz.de\/index.php\/mobilitaetsgerechte-stadt\/#breadcrumb"},"inLanguage":"de","potentialAction":[{"@type":"ReadAction","target":["https:\/\/www.staedtebau-chemnitz.de\/index.php\/mobilitaetsgerechte-stadt\/"]}]},{"@type":"ImageObject","inLanguage":"de","@id":"https:\/\/www.staedtebau-chemnitz.de\/index.php\/mobilitaetsgerechte-stadt\/#primaryimage","url":"https:\/\/www.staedtebau-chemnitz.de\/wp-content\/uploads\/2023\/11\/blur-g1d910daeb_1280.jpg","contentUrl":"https:\/\/www.staedtebau-chemnitz.de\/wp-content\/uploads\/2023\/11\/blur-g1d910daeb_1280.jpg","width":1280,"height":853,"caption":"Mobilit\u00e4tsgerechte Stadt Stadtplanungsb\u00fcro B\u00fcro f\u00fcr St\u00e4dtebau GmbH Chemnitz"},{"@type":"BreadcrumbList","@id":"https:\/\/www.staedtebau-chemnitz.de\/index.php\/mobilitaetsgerechte-stadt\/#breadcrumb","itemListElement":[{"@type":"ListItem","position":1,"name":"Startseite","item":"https:\/\/www.staedtebau-chemnitz.de\/"},{"@type":"ListItem","position":2,"name":"Mobilit\u00e4tsgerechte Stadt"}]},{"@type":"WebSite","@id":"https:\/\/www.staedtebau-chemnitz.de\/#website","url":"https:\/\/www.staedtebau-chemnitz.de\/","name":"B\u00fcro f\u00fcr St\u00e4dtebau GmbH Chemnitz","description":"ganzheitliche Stadtentwicklung Bauleitplanung l\u00e4ndliche Raumplanung","publisher":{"@id":"https:\/\/www.staedtebau-chemnitz.de\/#organization"},"potentialAction":[{"@type":"SearchAction","target":{"@type":"EntryPoint","urlTemplate":"https:\/\/www.staedtebau-chemnitz.de\/?s={search_term_string}"},"query-input":{"@type":"PropertyValueSpecification","valueRequired":true,"valueName":"search_term_string"}}],"inLanguage":"de"},{"@type":"Organization","@id":"https:\/\/www.staedtebau-chemnitz.de\/#organization","name":"B\u00fcro f\u00fcr St\u00e4dtebau GmbH Chemnitz","url":"https:\/\/www.staedtebau-chemnitz.de\/","logo":{"@type":"ImageObject","inLanguage":"de","@id":"https:\/\/www.staedtebau-chemnitz.de\/#\/schema\/logo\/image\/","url":"https:\/\/www.staedtebau-chemnitz.de\/wp-content\/uploads\/2022\/05\/Logo_Staedtebau_4c.png","contentUrl":"https:\/\/www.staedtebau-chemnitz.de\/wp-content\/uploads\/2022\/05\/Logo_Staedtebau_4c.png","width":1217,"height":1077,"caption":"B\u00fcro f\u00fcr St\u00e4dtebau GmbH Chemnitz"},"image":{"@id":"https:\/\/www.staedtebau-chemnitz.de\/#\/schema\/logo\/image\/"}},{"@type":"Person","@id":"https:\/\/www.staedtebau-chemnitz.de\/#\/schema\/person\/c3fcd44a3690047f2b77986abb9c0ffb","name":"B\u00fcro St\u00e4dtebau","image":{"@type":"ImageObject","inLanguage":"de","@id":"https:\/\/secure.gravatar.com\/avatar\/06c9af5c5d99de06803ff3c2392048a02af40bb42a0e069eb2419377299f378a?s=96&d=mm&r=g","url":"https:\/\/secure.gravatar.com\/avatar\/06c9af5c5d99de06803ff3c2392048a02af40bb42a0e069eb2419377299f378a?s=96&d=mm&r=g","contentUrl":"https:\/\/secure.gravatar.com\/avatar\/06c9af5c5d99de06803ff3c2392048a02af40bb42a0e069eb2419377299f378a?s=96&d=mm&r=g","caption":"B\u00fcro St\u00e4dtebau"},"description":"B\u00fcro f\u00fcr St\u00e4dtebau","url":"https:\/\/www.staedtebau-chemnitz.de\/index.php\/author\/bfsadmin\/"}]}},"_links":{"self":[{"href":"https:\/\/www.staedtebau-chemnitz.de\/index.php\/wp-json\/wp\/v2\/posts\/7652","targetHints":{"allow":["GET"]}}],"collection":[{"href":"https:\/\/www.staedtebau-chemnitz.de\/index.php\/wp-json\/wp\/v2\/posts"}],"about":[{"href":"https:\/\/www.staedtebau-chemnitz.de\/index.php\/wp-json\/wp\/v2\/types\/post"}],"author":[{"embeddable":true,"href":"https:\/\/www.staedtebau-chemnitz.de\/index.php\/wp-json\/wp\/v2\/users\/2"}],"replies":[{"embeddable":true,"href":"https:\/\/www.staedtebau-chemnitz.de\/index.php\/wp-json\/wp\/v2\/comments?post=7652"}],"version-history":[{"count":36,"href":"https:\/\/www.staedtebau-chemnitz.de\/index.php\/wp-json\/wp\/v2\/posts\/7652\/revisions"}],"predecessor-version":[{"id":10599,"href":"https:\/\/www.staedtebau-chemnitz.de\/index.php\/wp-json\/wp\/v2\/posts\/7652\/revisions\/10599"}],"wp:featuredmedia":[{"embeddable":true,"href":"https:\/\/www.staedtebau-chemnitz.de\/index.php\/wp-json\/wp\/v2\/media\/7656"}],"wp:attachment":[{"href":"https:\/\/www.staedtebau-chemnitz.de\/index.php\/wp-json\/wp\/v2\/media?parent=7652"}],"wp:term":[{"taxonomy":"category","embeddable":true,"href":"https:\/\/www.staedtebau-chemnitz.de\/index.php\/wp-json\/wp\/v2\/categories?post=7652"},{"taxonomy":"post_tag","embeddable":true,"href":"https:\/\/www.staedtebau-chemnitz.de\/index.php\/wp-json\/wp\/v2\/tags?post=7652"}],"curies":[{"name":"wp","href":"https:\/\/api.w.org\/{rel}","templated":true}]}}