{"id":5519,"date":"2026-03-09T06:00:39","date_gmt":"2026-03-09T05:00:39","guid":{"rendered":"https:\/\/www.staedtebau-chemnitz.de\/?p=5519"},"modified":"2026-03-13T01:35:49","modified_gmt":"2026-03-13T00:35:49","slug":"macht-mit-beim-wettbewerb-ab-in-die-mitte-die-city-offensive-sachsen-sonderpreis-innovative-jugend-zu-gewinnen","status":"publish","type":"post","link":"https:\/\/www.staedtebau-chemnitz.de\/index.php\/macht-mit-beim-wettbewerb-ab-in-die-mitte-die-city-offensive-sachsen-sonderpreis-innovative-jugend-zu-gewinnen\/","title":{"rendered":"Macht mit beim Wettbewerb \u201eAb in die Mitte! Die City-Offensive Sachsen\u201c \u2013 Sonderpreis \u201eInnovative Jugend\u201c zu gewinnen"},"content":{"rendered":"<div class=\"fusion-fullwidth fullwidth-box fusion-builder-row-1 fusion-flex-container has-pattern-background has-mask-background nonhundred-percent-fullwidth non-hundred-percent-height-scrolling\" style=\"--awb-border-radius-top-left:0px;--awb-border-radius-top-right:0px;--awb-border-radius-bottom-right:0px;--awb-border-radius-bottom-left:0px;--awb-flex-wrap:wrap;\" ><div class=\"fusion-builder-row fusion-row fusion-flex-align-items-flex-start fusion-flex-content-wrap\" style=\"max-width:1248px;margin-left: calc(-4% \/ 2 );margin-right: calc(-4% \/ 2 );\"><div class=\"fusion-layout-column fusion_builder_column fusion-builder-column-0 fusion_builder_column_1_1 1_1 fusion-flex-column\" style=\"--awb-bg-size:cover;--awb-width-large:100%;--awb-margin-top-large:0px;--awb-spacing-right-large:1.92%;--awb-margin-bottom-large:20px;--awb-spacing-left-large:1.92%;--awb-width-medium:100%;--awb-order-medium:0;--awb-spacing-right-medium:1.92%;--awb-spacing-left-medium:1.92%;--awb-width-small:100%;--awb-order-small:0;--awb-spacing-right-small:1.92%;--awb-spacing-left-small:1.92%;\"><div class=\"fusion-column-wrapper fusion-column-has-shadow fusion-flex-justify-content-flex-start fusion-content-layout-column\"><div class=\"fusion-text fusion-text-1\"><hr data-start=\"235\" data-end=\"238\" \/>\n<h5 data-section-id=\"f1q9fw\" data-start=\"240\" data-end=\"359\"><strong>Macht mit beim Wettbewerb \u201eAb in die Mitte! Die City-Offensive Sachsen\u201c \u2013 Sonderpreis \u201eInnovative Jugend\u201c zu gewinnen<\/strong><\/h5>\n<p data-start=\"361\" data-end=\"580\">Junge Ideen sind gefragt! Beim Wettbewerb <strong data-start=\"403\" data-end=\"452\">\u201eAb in die Mitte! Die City-Offensive Sachsen\u201c<\/strong> haben Jugendliche und junge Erwachsene erneut die Chance, ihre Visionen f\u00fcr lebendige Innenst\u00e4dte und Ortskerne einzubringen.<\/p>\n<p data-start=\"582\" data-end=\"911\">Der <strong data-start=\"586\" data-end=\"668\">simul+InnovationHub des S\u00e4chsischen Staatsministeriums f\u00fcr Regionalentwicklung<\/strong> schreibt auch 2026 wieder den <strong data-start=\"699\" data-end=\"734\">Sonderpreis \u201eInnovative Jugend\u201c<\/strong> aus. Der Preis ist mit <strong data-start=\"758\" data-end=\"773\">15.000 Euro<\/strong> dotiert und richtet sich an Projekte, bei denen junge Menschen aktiv an der Gestaltung ihrer Stadt oder ihres Heimatortes beteiligt sind.<\/p>\n<h5 data-section-id=\"h0p50u\" data-start=\"913\" data-end=\"966\"><strong>Jahresmotto 2026: \u201eCooler Kern statt grauer Stein\u201c<\/strong><\/h5>\n<p data-start=\"968\" data-end=\"1250\">Am <strong data-start=\"971\" data-end=\"987\">4. M\u00e4rz 2026<\/strong> wurde im Kulturhaus AKTIVIST in Aue-Bad Schlema das Jahresmotto des Wettbewerbs vorgestellt. Unter dem Titel <strong data-start=\"1097\" data-end=\"1133\">\u201eCooler Kern statt grauer Stein\u201c<\/strong> werden in diesem Jahr Ideen gesucht, die Innenst\u00e4dte und Dorfzentren attraktiver, kreativer und lebenswerter machen.<\/p>\n<p data-start=\"1252\" data-end=\"1379\">Ziel ist es, Stadt- und Ortskerne wieder st\u00e4rker zu <strong data-start=\"1304\" data-end=\"1364\">Orten der Begegnung, des Austauschs und der Gemeinschaft<\/strong> zu entwickeln.<\/p>\n<h5 data-section-id=\"3e08t2\" data-start=\"1381\" data-end=\"1461\"><strong>Sonderpreis \u201eInnovative Jugend\u201c \u2013 junge Perspektiven f\u00fcr die Stadtentwicklung<\/strong><\/h5>\n<p data-start=\"1463\" data-end=\"1642\">Mit dem Sonderpreis <strong data-start=\"1483\" data-end=\"1506\">\u201eInnovative Jugend\u201c<\/strong> m\u00f6chte der simul+InnovationHub gezielt <strong data-start=\"1546\" data-end=\"1639\">die Perspektiven junger Menschen in die Entwicklung von St\u00e4dten und Gemeinden einbeziehen<\/strong>.<\/p>\n<p data-start=\"1644\" data-end=\"1851\">Gesucht werden Projekte und Ideen, bei denen Jugendliche ihre Vorstellungen f\u00fcr eine attraktive Innenstadt oder Dorfmitte einbringen \u2013 zum Beispiel durch kreative Konzepte, Aktionen oder Beteiligungsformate.<\/p>\n<p data-start=\"1853\" data-end=\"1895\">Die Organisatoren des Wettbewerbs betonen:<\/p>\n<blockquote data-start=\"1897\" data-end=\"2211\">\n<p data-start=\"1899\" data-end=\"2211\">\u201eDie Innenst\u00e4dte sehen sich mit verschiedenen Herausforderungen konfrontiert. Diesen Wandel aktiv zu gestalten mit dem Ziel, attraktive, vielf\u00e4ltige und zukunftsf\u00e4hige Zentren zu erhalten bzw. zu entwickeln, ben\u00f6tigt kluge K\u00f6pfe, den Mut zu Ver\u00e4nderungen, unkonventionelle Ideen und eine Menge positive Energie.\u201c<\/p>\n<\/blockquote>\n<p data-start=\"2213\" data-end=\"2341\">Gerade junge Menschen k\u00f6nnen mit frischen Ideen dazu beitragen, neue Impulse f\u00fcr die Zukunft der St\u00e4dte und Gemeinden zu setzen.<\/p>\n<h5 data-section-id=\"1vj1mlx\" data-start=\"2343\" data-end=\"2386\"><strong>Eure Ideen f\u00fcr eine lebendige Innenstadt<\/strong><\/h5>\n<p data-start=\"2388\" data-end=\"2507\">Der Wettbewerb bietet eine gute Gelegenheit, sich aktiv mit der eigenen Stadt oder dem Heimatort auseinanderzusetzen.<\/p>\n<p data-start=\"2509\" data-end=\"2598\">Schaut euch eure Umgebung einmal durch die <strong data-start=\"2552\" data-end=\"2581\">\u201estadtplanerische Brille\u201c<\/strong> an und \u00fcberlegt:<\/p>\n<ul data-start=\"2600\" data-end=\"2849\">\n<li data-section-id=\"4emofl\" data-start=\"2600\" data-end=\"2656\">\n<p data-start=\"2602\" data-end=\"2656\">Was gef\u00e4llt euch an eurer Innenstadt oder Dorfmitte?<\/p>\n<\/li>\n<li data-section-id=\"grj4c8\" data-start=\"2657\" data-end=\"2702\">\n<p data-start=\"2659\" data-end=\"2702\">Was w\u00fcrdet ihr ver\u00e4ndern oder verbessern?<\/p>\n<\/li>\n<li data-section-id=\"1aywn6f\" data-start=\"2703\" data-end=\"2774\">\n<p data-start=\"2705\" data-end=\"2774\">Welche Orte fehlen, damit sich junge Menschen dort gerne aufhalten?<\/p>\n<\/li>\n<li data-section-id=\"1vnutgo\" data-start=\"2775\" data-end=\"2849\">\n<p data-start=\"2777\" data-end=\"2849\">Was m\u00fcsste eure Stadt bieten, damit ihr euch dort langfristig wohlf\u00fchlt?<\/p>\n<\/li>\n<\/ul>\n<p data-start=\"2851\" data-end=\"3014\">Vielleicht entstehen daraus Ideen f\u00fcr neue Treffpunkte, Veranstaltungen, kreative Nutzungen von Pl\u00e4tzen oder andere Projekte, die das Leben im Ortskern bereichern.<\/p>\n<h5 data-section-id=\"14unjxq\" data-start=\"3016\" data-end=\"3045\"><strong>Zukunft aktiv mitgestalten<\/strong><\/h5>\n<p data-start=\"3047\" data-end=\"3228\">Der Wettbewerb <strong data-start=\"3062\" data-end=\"3111\">\u201eAb in die Mitte! Die City-Offensive Sachsen\u201c<\/strong> zeigt seit vielen Jahren, wie wichtig Engagement und Kreativit\u00e4t f\u00fcr die Entwicklung lebendiger Stadtzentren sind.<\/p>\n<p data-start=\"3230\" data-end=\"3361\">Mit dem Sonderpreis <strong data-start=\"3250\" data-end=\"3273\">\u201eInnovative Jugend\u201c<\/strong> wird deutlich: <strong data-start=\"3289\" data-end=\"3361\">Die Zukunft der Innenst\u00e4dte braucht die Ideen der jungen Generation.<\/strong><\/p>\n<p data-start=\"3363\" data-end=\"3476\">Nutzt die Chance, eure Vorstellungen sichtbar zu machen und eure Stadt oder euren Heimatort aktiv mitzugestalten.<\/p>\n<\/div><div class=\"fusion-separator fusion-full-width-sep\" style=\"align-self: center;margin-left: auto;margin-right: auto;margin-bottom:20px;width:100%;\"><\/div><div class=\"fusion-testimonials classic fusion-testimonials-1\" style=\"--awb-textcolor:var(--awb-color8);--awb-backgroundcolor:var(--awb-color1);\" data-random=\"0\" data-speed=\"4000\"><div class=\"reviews\"><div class=\"review active-testimonial avatar-image\"><blockquote><q class=\"fusion-clearfix\"><\/q><\/blockquote><div class=\"author\"><span class=\"testimonial-thumbnail\"><img decoding=\"async\" class=\"testimonial-image\" src=\"https:\/\/www.staedtebau-chemnitz.de\/wp-content\/uploads\/2021\/03\/cropped-ICON.jpg\" width=\"512\" height=\"512\" alt=\"B\u00fcro f\u00fcr St\u00e4dtebau GmbH Chemnitz\" \/><\/span><span class=\"company-name\"><strong>B\u00fcro f\u00fcr St\u00e4dtebau GmbH Chemnitz<\/strong><\/span><\/div><\/div><\/div><\/div><div class=\"fusion-separator fusion-full-width-sep\" style=\"align-self: center;margin-left: auto;margin-right: auto;margin-bottom:20px;width:100%;\"><\/div><div ><a class=\"fusion-button button-flat fusion-button-default-size button-default fusion-button-default button-1 fusion-button-default-span fusion-button-default-type\" target=\"_self\" href=\"https:\/\/www.staedtebau-chemnitz.de\/index.php\/blog-2\/\"><span class=\"fusion-button-text\">Zur\u00fcck<\/span><\/a><\/div><div class=\"fusion-separator fusion-full-width-sep\" style=\"align-self: center;margin-left: auto;margin-right: auto;margin-bottom:20px;width:100%;\"><\/div><\/div><\/div><\/div><\/div>\n","protected":false},"excerpt":{"rendered":"","protected":false},"author":2,"featured_media":5596,"comment_status":"closed","ping_status":"open","sticky":false,"template":"","format":"standard","meta":{"inline_featured_image":false,"footnotes":""},"categories":[35],"tags":[],"class_list":["post-5519","post","type-post","status-publish","format-standard","has-post-thumbnail","hentry","category-bueroneuigkeiten"],"yoast_head":"<!-- This site is optimized with the Yoast SEO plugin v27.4 - https:\/\/yoast.com\/product\/yoast-seo-wordpress\/ -->\n<title>Macht mit beim Wettbewerb \u201eAb in die Mitte! Die City-Offensive Sachsen\u201c \u2013 Sonderpreis \u201eInnovative Jugend\u201c zu gewinnen - B\u00fcro f\u00fcr St\u00e4dtebau GmbH Chemnitz<\/title>\n<meta name=\"description\" content=\"Junge Ideen sind gefragt! Beim Wettbewerb \u201eAb in die Mitte! Die City-Offensive Sachsen\u201c haben Jugendliche und junge Erwachsene erneut die Chance, ihre Visionen f\u00fcr lebendige Innenst\u00e4dte und Ortskerne einzubringen.\" \/>\n<meta name=\"robots\" content=\"index, follow, max-snippet:-1, max-image-preview:large, max-video-preview:-1\" \/>\n<link rel=\"canonical\" href=\"https:\/\/www.staedtebau-chemnitz.de\/index.php\/macht-mit-beim-wettbewerb-ab-in-die-mitte-die-city-offensive-sachsen-sonderpreis-innovative-jugend-zu-gewinnen\/\" \/>\n<meta property=\"og:locale\" content=\"de_DE\" \/>\n<meta property=\"og:type\" content=\"article\" \/>\n<meta property=\"og:title\" content=\"Macht mit beim Wettbewerb \u201eAb in die Mitte! Die City-Offensive Sachsen\u201c \u2013 Sonderpreis \u201eInnovative Jugend\u201c zu gewinnen - B\u00fcro f\u00fcr St\u00e4dtebau GmbH Chemnitz\" \/>\n<meta property=\"og:description\" content=\"Junge Ideen sind gefragt! Beim Wettbewerb \u201eAb in die Mitte! Die City-Offensive Sachsen\u201c haben Jugendliche und junge Erwachsene erneut die Chance, ihre Visionen f\u00fcr lebendige Innenst\u00e4dte und Ortskerne einzubringen.\" \/>\n<meta property=\"og:url\" content=\"https:\/\/www.staedtebau-chemnitz.de\/index.php\/macht-mit-beim-wettbewerb-ab-in-die-mitte-die-city-offensive-sachsen-sonderpreis-innovative-jugend-zu-gewinnen\/\" \/>\n<meta property=\"og:site_name\" content=\"B\u00fcro f\u00fcr St\u00e4dtebau GmbH Chemnitz\" \/>\n<meta property=\"article:published_time\" content=\"2026-03-09T05:00:39+00:00\" \/>\n<meta property=\"article:modified_time\" content=\"2026-03-13T00:35:49+00:00\" \/>\n<meta property=\"og:image\" content=\"https:\/\/www.staedtebau-chemnitz.de\/wp-content\/uploads\/2023\/05\/Wettbewerb_1.jpg\" \/>\n\t<meta property=\"og:image:width\" content=\"1200\" \/>\n\t<meta property=\"og:image:height\" content=\"800\" \/>\n\t<meta property=\"og:image:type\" content=\"image\/jpeg\" \/>\n<meta name=\"author\" content=\"B\u00fcro St\u00e4dtebau\" \/>\n<meta name=\"twitter:card\" content=\"summary_large_image\" \/>\n<meta name=\"twitter:label1\" content=\"Verfasst von\" \/>\n\t<meta name=\"twitter:data1\" content=\"B\u00fcro St\u00e4dtebau\" \/>\n\t<meta name=\"twitter:label2\" content=\"Gesch\u00e4tzte Lesezeit\" \/>\n\t<meta name=\"twitter:data2\" content=\"3\u00a0Minuten\" \/>\n<script type=\"application\/ld+json\" class=\"yoast-schema-graph\">{\"@context\":\"https:\\\/\\\/schema.org\",\"@graph\":[{\"@type\":\"Article\",\"@id\":\"https:\\\/\\\/www.staedtebau-chemnitz.de\\\/index.php\\\/macht-mit-beim-wettbewerb-ab-in-die-mitte-die-city-offensive-sachsen-sonderpreis-innovative-jugend-zu-gewinnen\\\/#article\",\"isPartOf\":{\"@id\":\"https:\\\/\\\/www.staedtebau-chemnitz.de\\\/index.php\\\/macht-mit-beim-wettbewerb-ab-in-die-mitte-die-city-offensive-sachsen-sonderpreis-innovative-jugend-zu-gewinnen\\\/\"},\"author\":{\"name\":\"B\u00fcro St\u00e4dtebau\",\"@id\":\"https:\\\/\\\/www.staedtebau-chemnitz.de\\\/#\\\/schema\\\/person\\\/c3fcd44a3690047f2b77986abb9c0ffb\"},\"headline\":\"Macht mit beim Wettbewerb \u201eAb in die Mitte! Die City-Offensive Sachsen\u201c \u2013 Sonderpreis \u201eInnovative Jugend\u201c zu gewinnen\",\"datePublished\":\"2026-03-09T05:00:39+00:00\",\"dateModified\":\"2026-03-13T00:35:49+00:00\",\"mainEntityOfPage\":{\"@id\":\"https:\\\/\\\/www.staedtebau-chemnitz.de\\\/index.php\\\/macht-mit-beim-wettbewerb-ab-in-die-mitte-die-city-offensive-sachsen-sonderpreis-innovative-jugend-zu-gewinnen\\\/\"},\"wordCount\":1592,\"publisher\":{\"@id\":\"https:\\\/\\\/www.staedtebau-chemnitz.de\\\/#organization\"},\"image\":{\"@id\":\"https:\\\/\\\/www.staedtebau-chemnitz.de\\\/index.php\\\/macht-mit-beim-wettbewerb-ab-in-die-mitte-die-city-offensive-sachsen-sonderpreis-innovative-jugend-zu-gewinnen\\\/#primaryimage\"},\"thumbnailUrl\":\"https:\\\/\\\/www.staedtebau-chemnitz.de\\\/wp-content\\\/uploads\\\/2023\\\/05\\\/Wettbewerb_1.jpg\",\"articleSection\":[\"B\u00fcroneuigkeiten &amp; Engagement\"],\"inLanguage\":\"de\"},{\"@type\":\"WebPage\",\"@id\":\"https:\\\/\\\/www.staedtebau-chemnitz.de\\\/index.php\\\/macht-mit-beim-wettbewerb-ab-in-die-mitte-die-city-offensive-sachsen-sonderpreis-innovative-jugend-zu-gewinnen\\\/\",\"url\":\"https:\\\/\\\/www.staedtebau-chemnitz.de\\\/index.php\\\/macht-mit-beim-wettbewerb-ab-in-die-mitte-die-city-offensive-sachsen-sonderpreis-innovative-jugend-zu-gewinnen\\\/\",\"name\":\"Macht mit beim Wettbewerb \u201eAb in die Mitte! Die City-Offensive Sachsen\u201c \u2013 Sonderpreis \u201eInnovative Jugend\u201c zu gewinnen - B\u00fcro f\u00fcr St\u00e4dtebau GmbH Chemnitz\",\"isPartOf\":{\"@id\":\"https:\\\/\\\/www.staedtebau-chemnitz.de\\\/#website\"},\"primaryImageOfPage\":{\"@id\":\"https:\\\/\\\/www.staedtebau-chemnitz.de\\\/index.php\\\/macht-mit-beim-wettbewerb-ab-in-die-mitte-die-city-offensive-sachsen-sonderpreis-innovative-jugend-zu-gewinnen\\\/#primaryimage\"},\"image\":{\"@id\":\"https:\\\/\\\/www.staedtebau-chemnitz.de\\\/index.php\\\/macht-mit-beim-wettbewerb-ab-in-die-mitte-die-city-offensive-sachsen-sonderpreis-innovative-jugend-zu-gewinnen\\\/#primaryimage\"},\"thumbnailUrl\":\"https:\\\/\\\/www.staedtebau-chemnitz.de\\\/wp-content\\\/uploads\\\/2023\\\/05\\\/Wettbewerb_1.jpg\",\"datePublished\":\"2026-03-09T05:00:39+00:00\",\"dateModified\":\"2026-03-13T00:35:49+00:00\",\"description\":\"Junge Ideen sind gefragt! Beim Wettbewerb \u201eAb in die Mitte! Die City-Offensive Sachsen\u201c haben Jugendliche und junge Erwachsene erneut die Chance, ihre Visionen f\u00fcr lebendige Innenst\u00e4dte und Ortskerne einzubringen.\",\"breadcrumb\":{\"@id\":\"https:\\\/\\\/www.staedtebau-chemnitz.de\\\/index.php\\\/macht-mit-beim-wettbewerb-ab-in-die-mitte-die-city-offensive-sachsen-sonderpreis-innovative-jugend-zu-gewinnen\\\/#breadcrumb\"},\"inLanguage\":\"de\",\"potentialAction\":[{\"@type\":\"ReadAction\",\"target\":[\"https:\\\/\\\/www.staedtebau-chemnitz.de\\\/index.php\\\/macht-mit-beim-wettbewerb-ab-in-die-mitte-die-city-offensive-sachsen-sonderpreis-innovative-jugend-zu-gewinnen\\\/\"]}]},{\"@type\":\"ImageObject\",\"inLanguage\":\"de\",\"@id\":\"https:\\\/\\\/www.staedtebau-chemnitz.de\\\/index.php\\\/macht-mit-beim-wettbewerb-ab-in-die-mitte-die-city-offensive-sachsen-sonderpreis-innovative-jugend-zu-gewinnen\\\/#primaryimage\",\"url\":\"https:\\\/\\\/www.staedtebau-chemnitz.de\\\/wp-content\\\/uploads\\\/2023\\\/05\\\/Wettbewerb_1.jpg\",\"contentUrl\":\"https:\\\/\\\/www.staedtebau-chemnitz.de\\\/wp-content\\\/uploads\\\/2023\\\/05\\\/Wettbewerb_1.jpg\",\"width\":1200,\"height\":800,\"caption\":\"ab in die Mitte Die City-Offensive Sachsen Engagement Stadtplanungsb\u00fcro B\u00fcro f\u00fcr St\u00e4dtebau GmbH Chemnitz\"},{\"@type\":\"BreadcrumbList\",\"@id\":\"https:\\\/\\\/www.staedtebau-chemnitz.de\\\/index.php\\\/macht-mit-beim-wettbewerb-ab-in-die-mitte-die-city-offensive-sachsen-sonderpreis-innovative-jugend-zu-gewinnen\\\/#breadcrumb\",\"itemListElement\":[{\"@type\":\"ListItem\",\"position\":1,\"name\":\"Startseite\",\"item\":\"https:\\\/\\\/www.staedtebau-chemnitz.de\\\/\"},{\"@type\":\"ListItem\",\"position\":2,\"name\":\"Macht mit beim Wettbewerb \u201eAb in die Mitte! Die City-Offensive Sachsen\u201c \u2013 Sonderpreis \u201eInnovative Jugend\u201c zu gewinnen\"}]},{\"@type\":\"WebSite\",\"@id\":\"https:\\\/\\\/www.staedtebau-chemnitz.de\\\/#website\",\"url\":\"https:\\\/\\\/www.staedtebau-chemnitz.de\\\/\",\"name\":\"B\u00fcro f\u00fcr St\u00e4dtebau GmbH Chemnitz\",\"description\":\"ganzheitliche Stadtentwicklung Bauleitplanung l\u00e4ndliche Raumplanung\",\"publisher\":{\"@id\":\"https:\\\/\\\/www.staedtebau-chemnitz.de\\\/#organization\"},\"potentialAction\":[{\"@type\":\"SearchAction\",\"target\":{\"@type\":\"EntryPoint\",\"urlTemplate\":\"https:\\\/\\\/www.staedtebau-chemnitz.de\\\/?s={search_term_string}\"},\"query-input\":{\"@type\":\"PropertyValueSpecification\",\"valueRequired\":true,\"valueName\":\"search_term_string\"}}],\"inLanguage\":\"de\"},{\"@type\":\"Organization\",\"@id\":\"https:\\\/\\\/www.staedtebau-chemnitz.de\\\/#organization\",\"name\":\"B\u00fcro f\u00fcr St\u00e4dtebau GmbH Chemnitz\",\"url\":\"https:\\\/\\\/www.staedtebau-chemnitz.de\\\/\",\"logo\":{\"@type\":\"ImageObject\",\"inLanguage\":\"de\",\"@id\":\"https:\\\/\\\/www.staedtebau-chemnitz.de\\\/#\\\/schema\\\/logo\\\/image\\\/\",\"url\":\"https:\\\/\\\/www.staedtebau-chemnitz.de\\\/wp-content\\\/uploads\\\/2022\\\/05\\\/Logo_Staedtebau_4c.png\",\"contentUrl\":\"https:\\\/\\\/www.staedtebau-chemnitz.de\\\/wp-content\\\/uploads\\\/2022\\\/05\\\/Logo_Staedtebau_4c.png\",\"width\":1217,\"height\":1077,\"caption\":\"B\u00fcro f\u00fcr St\u00e4dtebau GmbH Chemnitz\"},\"image\":{\"@id\":\"https:\\\/\\\/www.staedtebau-chemnitz.de\\\/#\\\/schema\\\/logo\\\/image\\\/\"}},{\"@type\":\"Person\",\"@id\":\"https:\\\/\\\/www.staedtebau-chemnitz.de\\\/#\\\/schema\\\/person\\\/c3fcd44a3690047f2b77986abb9c0ffb\",\"name\":\"B\u00fcro St\u00e4dtebau\",\"image\":{\"@type\":\"ImageObject\",\"inLanguage\":\"de\",\"@id\":\"https:\\\/\\\/secure.gravatar.com\\\/avatar\\\/06c9af5c5d99de06803ff3c2392048a02af40bb42a0e069eb2419377299f378a?s=96&d=mm&r=g\",\"url\":\"https:\\\/\\\/secure.gravatar.com\\\/avatar\\\/06c9af5c5d99de06803ff3c2392048a02af40bb42a0e069eb2419377299f378a?s=96&d=mm&r=g\",\"contentUrl\":\"https:\\\/\\\/secure.gravatar.com\\\/avatar\\\/06c9af5c5d99de06803ff3c2392048a02af40bb42a0e069eb2419377299f378a?s=96&d=mm&r=g\",\"caption\":\"B\u00fcro St\u00e4dtebau\"},\"description\":\"B\u00fcro f\u00fcr St\u00e4dtebau\",\"url\":\"https:\\\/\\\/www.staedtebau-chemnitz.de\\\/index.php\\\/author\\\/bfsadmin\\\/\"}]}<\/script>\n<!-- \/ Yoast SEO plugin. -->","yoast_head_json":{"title":"Macht mit beim Wettbewerb \u201eAb in die Mitte! Die City-Offensive Sachsen\u201c \u2013 Sonderpreis \u201eInnovative Jugend\u201c zu gewinnen - B\u00fcro f\u00fcr St\u00e4dtebau GmbH Chemnitz","description":"Junge Ideen sind gefragt! Beim Wettbewerb \u201eAb in die Mitte! Die City-Offensive Sachsen\u201c haben Jugendliche und junge Erwachsene erneut die Chance, ihre Visionen f\u00fcr lebendige Innenst\u00e4dte und Ortskerne einzubringen.","robots":{"index":"index","follow":"follow","max-snippet":"max-snippet:-1","max-image-preview":"max-image-preview:large","max-video-preview":"max-video-preview:-1"},"canonical":"https:\/\/www.staedtebau-chemnitz.de\/index.php\/macht-mit-beim-wettbewerb-ab-in-die-mitte-die-city-offensive-sachsen-sonderpreis-innovative-jugend-zu-gewinnen\/","og_locale":"de_DE","og_type":"article","og_title":"Macht mit beim Wettbewerb \u201eAb in die Mitte! Die City-Offensive Sachsen\u201c \u2013 Sonderpreis \u201eInnovative Jugend\u201c zu gewinnen - B\u00fcro f\u00fcr St\u00e4dtebau GmbH Chemnitz","og_description":"Junge Ideen sind gefragt! Beim Wettbewerb \u201eAb in die Mitte! Die City-Offensive Sachsen\u201c haben Jugendliche und junge Erwachsene erneut die Chance, ihre Visionen f\u00fcr lebendige Innenst\u00e4dte und Ortskerne einzubringen.","og_url":"https:\/\/www.staedtebau-chemnitz.de\/index.php\/macht-mit-beim-wettbewerb-ab-in-die-mitte-die-city-offensive-sachsen-sonderpreis-innovative-jugend-zu-gewinnen\/","og_site_name":"B\u00fcro f\u00fcr St\u00e4dtebau GmbH Chemnitz","article_published_time":"2026-03-09T05:00:39+00:00","article_modified_time":"2026-03-13T00:35:49+00:00","og_image":[{"width":1200,"height":800,"url":"https:\/\/www.staedtebau-chemnitz.de\/wp-content\/uploads\/2023\/05\/Wettbewerb_1.jpg","type":"image\/jpeg"}],"author":"B\u00fcro St\u00e4dtebau","twitter_card":"summary_large_image","twitter_misc":{"Verfasst von":"B\u00fcro St\u00e4dtebau","Gesch\u00e4tzte Lesezeit":"3\u00a0Minuten"},"schema":{"@context":"https:\/\/schema.org","@graph":[{"@type":"Article","@id":"https:\/\/www.staedtebau-chemnitz.de\/index.php\/macht-mit-beim-wettbewerb-ab-in-die-mitte-die-city-offensive-sachsen-sonderpreis-innovative-jugend-zu-gewinnen\/#article","isPartOf":{"@id":"https:\/\/www.staedtebau-chemnitz.de\/index.php\/macht-mit-beim-wettbewerb-ab-in-die-mitte-die-city-offensive-sachsen-sonderpreis-innovative-jugend-zu-gewinnen\/"},"author":{"name":"B\u00fcro St\u00e4dtebau","@id":"https:\/\/www.staedtebau-chemnitz.de\/#\/schema\/person\/c3fcd44a3690047f2b77986abb9c0ffb"},"headline":"Macht mit beim Wettbewerb \u201eAb in die Mitte! Die City-Offensive Sachsen\u201c \u2013 Sonderpreis \u201eInnovative Jugend\u201c zu gewinnen","datePublished":"2026-03-09T05:00:39+00:00","dateModified":"2026-03-13T00:35:49+00:00","mainEntityOfPage":{"@id":"https:\/\/www.staedtebau-chemnitz.de\/index.php\/macht-mit-beim-wettbewerb-ab-in-die-mitte-die-city-offensive-sachsen-sonderpreis-innovative-jugend-zu-gewinnen\/"},"wordCount":1592,"publisher":{"@id":"https:\/\/www.staedtebau-chemnitz.de\/#organization"},"image":{"@id":"https:\/\/www.staedtebau-chemnitz.de\/index.php\/macht-mit-beim-wettbewerb-ab-in-die-mitte-die-city-offensive-sachsen-sonderpreis-innovative-jugend-zu-gewinnen\/#primaryimage"},"thumbnailUrl":"https:\/\/www.staedtebau-chemnitz.de\/wp-content\/uploads\/2023\/05\/Wettbewerb_1.jpg","articleSection":["B\u00fcroneuigkeiten &amp; Engagement"],"inLanguage":"de"},{"@type":"WebPage","@id":"https:\/\/www.staedtebau-chemnitz.de\/index.php\/macht-mit-beim-wettbewerb-ab-in-die-mitte-die-city-offensive-sachsen-sonderpreis-innovative-jugend-zu-gewinnen\/","url":"https:\/\/www.staedtebau-chemnitz.de\/index.php\/macht-mit-beim-wettbewerb-ab-in-die-mitte-die-city-offensive-sachsen-sonderpreis-innovative-jugend-zu-gewinnen\/","name":"Macht mit beim Wettbewerb \u201eAb in die Mitte! Die City-Offensive Sachsen\u201c \u2013 Sonderpreis \u201eInnovative Jugend\u201c zu gewinnen - B\u00fcro f\u00fcr St\u00e4dtebau GmbH Chemnitz","isPartOf":{"@id":"https:\/\/www.staedtebau-chemnitz.de\/#website"},"primaryImageOfPage":{"@id":"https:\/\/www.staedtebau-chemnitz.de\/index.php\/macht-mit-beim-wettbewerb-ab-in-die-mitte-die-city-offensive-sachsen-sonderpreis-innovative-jugend-zu-gewinnen\/#primaryimage"},"image":{"@id":"https:\/\/www.staedtebau-chemnitz.de\/index.php\/macht-mit-beim-wettbewerb-ab-in-die-mitte-die-city-offensive-sachsen-sonderpreis-innovative-jugend-zu-gewinnen\/#primaryimage"},"thumbnailUrl":"https:\/\/www.staedtebau-chemnitz.de\/wp-content\/uploads\/2023\/05\/Wettbewerb_1.jpg","datePublished":"2026-03-09T05:00:39+00:00","dateModified":"2026-03-13T00:35:49+00:00","description":"Junge Ideen sind gefragt! Beim Wettbewerb \u201eAb in die Mitte! Die City-Offensive Sachsen\u201c haben Jugendliche und junge Erwachsene erneut die Chance, ihre Visionen f\u00fcr lebendige Innenst\u00e4dte und Ortskerne einzubringen.","breadcrumb":{"@id":"https:\/\/www.staedtebau-chemnitz.de\/index.php\/macht-mit-beim-wettbewerb-ab-in-die-mitte-die-city-offensive-sachsen-sonderpreis-innovative-jugend-zu-gewinnen\/#breadcrumb"},"inLanguage":"de","potentialAction":[{"@type":"ReadAction","target":["https:\/\/www.staedtebau-chemnitz.de\/index.php\/macht-mit-beim-wettbewerb-ab-in-die-mitte-die-city-offensive-sachsen-sonderpreis-innovative-jugend-zu-gewinnen\/"]}]},{"@type":"ImageObject","inLanguage":"de","@id":"https:\/\/www.staedtebau-chemnitz.de\/index.php\/macht-mit-beim-wettbewerb-ab-in-die-mitte-die-city-offensive-sachsen-sonderpreis-innovative-jugend-zu-gewinnen\/#primaryimage","url":"https:\/\/www.staedtebau-chemnitz.de\/wp-content\/uploads\/2023\/05\/Wettbewerb_1.jpg","contentUrl":"https:\/\/www.staedtebau-chemnitz.de\/wp-content\/uploads\/2023\/05\/Wettbewerb_1.jpg","width":1200,"height":800,"caption":"ab in die Mitte Die City-Offensive Sachsen Engagement Stadtplanungsb\u00fcro B\u00fcro f\u00fcr St\u00e4dtebau GmbH Chemnitz"},{"@type":"BreadcrumbList","@id":"https:\/\/www.staedtebau-chemnitz.de\/index.php\/macht-mit-beim-wettbewerb-ab-in-die-mitte-die-city-offensive-sachsen-sonderpreis-innovative-jugend-zu-gewinnen\/#breadcrumb","itemListElement":[{"@type":"ListItem","position":1,"name":"Startseite","item":"https:\/\/www.staedtebau-chemnitz.de\/"},{"@type":"ListItem","position":2,"name":"Macht mit beim Wettbewerb \u201eAb in die Mitte! Die City-Offensive Sachsen\u201c \u2013 Sonderpreis \u201eInnovative Jugend\u201c zu gewinnen"}]},{"@type":"WebSite","@id":"https:\/\/www.staedtebau-chemnitz.de\/#website","url":"https:\/\/www.staedtebau-chemnitz.de\/","name":"B\u00fcro f\u00fcr St\u00e4dtebau GmbH Chemnitz","description":"ganzheitliche Stadtentwicklung Bauleitplanung l\u00e4ndliche Raumplanung","publisher":{"@id":"https:\/\/www.staedtebau-chemnitz.de\/#organization"},"potentialAction":[{"@type":"SearchAction","target":{"@type":"EntryPoint","urlTemplate":"https:\/\/www.staedtebau-chemnitz.de\/?s={search_term_string}"},"query-input":{"@type":"PropertyValueSpecification","valueRequired":true,"valueName":"search_term_string"}}],"inLanguage":"de"},{"@type":"Organization","@id":"https:\/\/www.staedtebau-chemnitz.de\/#organization","name":"B\u00fcro f\u00fcr St\u00e4dtebau GmbH Chemnitz","url":"https:\/\/www.staedtebau-chemnitz.de\/","logo":{"@type":"ImageObject","inLanguage":"de","@id":"https:\/\/www.staedtebau-chemnitz.de\/#\/schema\/logo\/image\/","url":"https:\/\/www.staedtebau-chemnitz.de\/wp-content\/uploads\/2022\/05\/Logo_Staedtebau_4c.png","contentUrl":"https:\/\/www.staedtebau-chemnitz.de\/wp-content\/uploads\/2022\/05\/Logo_Staedtebau_4c.png","width":1217,"height":1077,"caption":"B\u00fcro f\u00fcr St\u00e4dtebau GmbH Chemnitz"},"image":{"@id":"https:\/\/www.staedtebau-chemnitz.de\/#\/schema\/logo\/image\/"}},{"@type":"Person","@id":"https:\/\/www.staedtebau-chemnitz.de\/#\/schema\/person\/c3fcd44a3690047f2b77986abb9c0ffb","name":"B\u00fcro St\u00e4dtebau","image":{"@type":"ImageObject","inLanguage":"de","@id":"https:\/\/secure.gravatar.com\/avatar\/06c9af5c5d99de06803ff3c2392048a02af40bb42a0e069eb2419377299f378a?s=96&d=mm&r=g","url":"https:\/\/secure.gravatar.com\/avatar\/06c9af5c5d99de06803ff3c2392048a02af40bb42a0e069eb2419377299f378a?s=96&d=mm&r=g","contentUrl":"https:\/\/secure.gravatar.com\/avatar\/06c9af5c5d99de06803ff3c2392048a02af40bb42a0e069eb2419377299f378a?s=96&d=mm&r=g","caption":"B\u00fcro St\u00e4dtebau"},"description":"B\u00fcro f\u00fcr St\u00e4dtebau","url":"https:\/\/www.staedtebau-chemnitz.de\/index.php\/author\/bfsadmin\/"}]}},"_links":{"self":[{"href":"https:\/\/www.staedtebau-chemnitz.de\/index.php\/wp-json\/wp\/v2\/posts\/5519","targetHints":{"allow":["GET"]}}],"collection":[{"href":"https:\/\/www.staedtebau-chemnitz.de\/index.php\/wp-json\/wp\/v2\/posts"}],"about":[{"href":"https:\/\/www.staedtebau-chemnitz.de\/index.php\/wp-json\/wp\/v2\/types\/post"}],"author":[{"embeddable":true,"href":"https:\/\/www.staedtebau-chemnitz.de\/index.php\/wp-json\/wp\/v2\/users\/2"}],"replies":[{"embeddable":true,"href":"https:\/\/www.staedtebau-chemnitz.de\/index.php\/wp-json\/wp\/v2\/comments?post=5519"}],"version-history":[{"count":52,"href":"https:\/\/www.staedtebau-chemnitz.de\/index.php\/wp-json\/wp\/v2\/posts\/5519\/revisions"}],"predecessor-version":[{"id":11248,"href":"https:\/\/www.staedtebau-chemnitz.de\/index.php\/wp-json\/wp\/v2\/posts\/5519\/revisions\/11248"}],"wp:featuredmedia":[{"embeddable":true,"href":"https:\/\/www.staedtebau-chemnitz.de\/index.php\/wp-json\/wp\/v2\/media\/5596"}],"wp:attachment":[{"href":"https:\/\/www.staedtebau-chemnitz.de\/index.php\/wp-json\/wp\/v2\/media?parent=5519"}],"wp:term":[{"taxonomy":"category","embeddable":true,"href":"https:\/\/www.staedtebau-chemnitz.de\/index.php\/wp-json\/wp\/v2\/categories?post=5519"},{"taxonomy":"post_tag","embeddable":true,"href":"https:\/\/www.staedtebau-chemnitz.de\/index.php\/wp-json\/wp\/v2\/tags?post=5519"}],"curies":[{"name":"wp","href":"https:\/\/api.w.org\/{rel}","templated":true}]}}