{"id":10907,"date":"2026-02-09T06:00:27","date_gmt":"2026-02-09T05:00:27","guid":{"rendered":"https:\/\/www.staedtebau-chemnitz.de\/?p=10907"},"modified":"2026-02-02T13:52:34","modified_gmt":"2026-02-02T12:52:34","slug":"wohnbedarfe-in-stadt-und-land-wie-sich-biografische-umbrueche-im-wohnungsmarkt-widerspiegeln","status":"publish","type":"post","link":"https:\/\/www.staedtebau-chemnitz.de\/index.php\/wohnbedarfe-in-stadt-und-land-wie-sich-biografische-umbrueche-im-wohnungsmarkt-widerspiegeln\/","title":{"rendered":"Wohnbedarfe in Stadt und Land: Wie sich biografische Umbr\u00fcche im Wohnungsmarkt widerspiegeln"},"content":{"rendered":"<div class=\"fusion-fullwidth fullwidth-box fusion-builder-row-1 fusion-flex-container has-pattern-background has-mask-background nonhundred-percent-fullwidth non-hundred-percent-height-scrolling\" style=\"--awb-border-radius-top-left:0px;--awb-border-radius-top-right:0px;--awb-border-radius-bottom-right:0px;--awb-border-radius-bottom-left:0px;--awb-flex-wrap:wrap;\" ><div class=\"fusion-builder-row fusion-row fusion-flex-align-items-flex-start fusion-flex-content-wrap\" style=\"max-width:1248px;margin-left: calc(-4% \/ 2 );margin-right: calc(-4% \/ 2 );\"><div class=\"fusion-layout-column fusion_builder_column fusion-builder-column-0 fusion_builder_column_1_1 1_1 fusion-flex-column\" style=\"--awb-bg-size:cover;--awb-width-large:100%;--awb-margin-top-large:0px;--awb-spacing-right-large:1.92%;--awb-margin-bottom-large:20px;--awb-spacing-left-large:1.92%;--awb-width-medium:100%;--awb-order-medium:0;--awb-spacing-right-medium:1.92%;--awb-spacing-left-medium:1.92%;--awb-width-small:100%;--awb-order-small:0;--awb-spacing-right-small:1.92%;--awb-spacing-left-small:1.92%;\"><div class=\"fusion-column-wrapper fusion-column-has-shadow fusion-flex-justify-content-flex-start fusion-content-layout-column\"><div class=\"fusion-text fusion-text-1\"><h5><strong>Wohnbedarfe in Stadt und Land: Wie sich biografische Umbr\u00fcche im Wohnungsmarkt widerspiegeln<\/strong><\/h5>\n<p data-start=\"98\" data-end=\"723\">Der Wohnungsmarkt steht seit Jahren unter erheblichem Druck. Steigende Mieten, Wohnungsknappheit in Ballungsr\u00e4umen und strukturelle Defizite im l\u00e4ndlichen Raum f\u00fchren dazu, dass viele Menschen in Wohnverh\u00e4ltnissen leben, die nicht zu ihrer aktuellen Lebenssituation passen. Biografische \u00dcberg\u00e4nge \u2013 etwa der Auszug aus dem Elternhaus, die Familiengr\u00fcndung, Trennung, Ruhestand oder Pflegebed\u00fcrftigkeit \u2013 gehen mit ver\u00e4nderten Wohnbedarfen einher. Der Markt reagiert darauf bislang nur unzureichend. Die Folgen sind r\u00e4umliche Fehlentwicklungen, soziale Ungleichheiten und eine wachsende Diskrepanz zwischen Angebot und Bedarf.<\/p>\n<h5 data-start=\"730\" data-end=\"765\"><strong>1. Wohnbedarfe im Lebensverlauf<\/strong><\/h5>\n<p data-start=\"767\" data-end=\"844\">Wohnbedarfe sind nicht statisch, sondern ver\u00e4ndern sich mit den Lebensphasen:<\/p>\n<ul data-start=\"846\" data-end=\"1396\">\n<li data-start=\"846\" data-end=\"945\">\n<p data-start=\"848\" data-end=\"945\"><strong data-start=\"848\" data-end=\"868\">Junge Erwachsene<\/strong> ben\u00f6tigen kleine, bezahlbare Wohnungen in Ausbildungs- und Arbeitsortn\u00e4he.<\/p>\n<\/li>\n<li data-start=\"946\" data-end=\"1075\">\n<p data-start=\"948\" data-end=\"1075\"><strong data-start=\"948\" data-end=\"960\">Familien<\/strong> suchen gr\u00f6\u00dfere, bezahlbare Wohnungen oder Eigenheime mit guter Infrastruktur, Bildungs- und Betreuungsangeboten.<\/p>\n<\/li>\n<li data-start=\"1076\" data-end=\"1185\">\n<p data-start=\"1078\" data-end=\"1185\"><strong data-start=\"1078\" data-end=\"1119\">Alleinlebende und Trennungsbetroffene<\/strong> brauchen kleinere, flexible Wohnformen mit sozialer Einbindung.<\/p>\n<\/li>\n<li data-start=\"1186\" data-end=\"1309\">\n<p data-start=\"1188\" data-end=\"1309\"><strong data-start=\"1188\" data-end=\"1207\">\u00c4ltere Menschen<\/strong> w\u00fcnschen sich barrierearme, gut erreichbare Wohnungen mit medizinischer und sozialer Infrastruktur.<\/p>\n<\/li>\n<li data-start=\"1310\" data-end=\"1396\">\n<p data-start=\"1312\" data-end=\"1396\"><strong data-start=\"1312\" data-end=\"1332\">Pflegebed\u00fcrftige<\/strong> sind auf betreute oder gemeinschaftliche Wohnformen angewiesen.<\/p>\n<\/li>\n<\/ul>\n<p data-start=\"1398\" data-end=\"1656\">Der bestehende Wohnungsbestand spiegelt diese Dynamik nur bedingt wider. Insbesondere in St\u00e4dten dominieren hochpreisige Neubauten, w\u00e4hrend im l\u00e4ndlichen Raum h\u00e4ufig Einfamilienh\u00e4user mit gro\u00dfem Fl\u00e4chenverbrauch und geringer Anpassungsf\u00e4higkeit vorherrschen.<\/p>\n<h5 data-start=\"1663\" data-end=\"1741\"><strong>2. Stadt und Land: Divergierende, aber miteinander verkn\u00fcpfte Problemlagen<\/strong><\/h5>\n<p data-start=\"1743\" data-end=\"2095\"><strong data-start=\"1743\" data-end=\"1760\">Ballungsr\u00e4ume<\/strong><br data-start=\"1760\" data-end=\"1763\" \/>In Gro\u00dfst\u00e4dten und Wachstumsregionen f\u00fchren Zuzug, Fl\u00e4chenknappheit und spekulative Tendenzen zu steigenden Mieten und Kaufpreisen. Bezahlbarer Wohnraum ist rar, insbesondere f\u00fcr Haushalte mit mittleren und niedrigen Einkommen. Die Folge sind Verdr\u00e4ngungseffekte und Wanderungsverluste in das Umland \u2013 vor allem bei jungen Familien.<\/p>\n<p data-start=\"2097\" data-end=\"2527\"><strong data-start=\"2097\" data-end=\"2116\">L\u00e4ndliche R\u00e4ume<\/strong><br data-start=\"2116\" data-end=\"2119\" \/>Viele l\u00e4ndliche Gemeinden verzeichnen Leerst\u00e4nde, eine \u00dcberalterung der Bev\u00f6lkerung und einen Mangel an kleinen, zeitgem\u00e4\u00dfen Mietwohnungen. F\u00fcr junge Menschen fehlen sogenannte \u201eStarter-Wohnungen\u201c. H\u00e4ufig bleibt nur der Verbleib im Elternhaus oder der Umzug in die n\u00e4chstgr\u00f6\u00dfere Stadt. Damit verlieren Kommunen langfristig junge Bev\u00f6lkerungsgruppen, was wiederum Infrastruktur und lokale Wirtschaft schw\u00e4cht.<\/p>\n<p data-start=\"2529\" data-end=\"2665\">Diese Entwicklungen verst\u00e4rken sich gegenseitig: Der Druck auf die St\u00e4dte w\u00e4chst, w\u00e4hrend l\u00e4ndliche Regionen an Attraktivit\u00e4t verlieren.<\/p>\n<h5 data-start=\"2672\" data-end=\"2718\"><strong>3. Strukturelle Ursachen der Fehlanpassung<\/strong><\/h5>\n<p data-start=\"2720\" data-end=\"2805\">Mehrere Faktoren tragen dazu bei, dass Wohnangebot und Wohnbedarf auseinanderdriften:<\/p>\n<ul data-start=\"2807\" data-end=\"3231\">\n<li data-start=\"2807\" data-end=\"2870\">\n<p data-start=\"2809\" data-end=\"2870\"><strong data-start=\"2809\" data-end=\"2842\">Unzureichende Neubaut\u00e4tigkeit<\/strong> im preisg\u00fcnstigen Segment<\/p>\n<\/li>\n<li data-start=\"2871\" data-end=\"2949\">\n<p data-start=\"2873\" data-end=\"2949\"><strong data-start=\"2873\" data-end=\"2907\">Fl\u00e4chenineffiziente Wohnformen<\/strong>, insbesondere im Einfamilienhausbestand<\/p>\n<\/li>\n<li data-start=\"2950\" data-end=\"3046\">\n<p data-start=\"2952\" data-end=\"3046\"><strong data-start=\"2952\" data-end=\"2981\">Starre Wohnungszuschnitte<\/strong>, die sich kaum an ver\u00e4nderte Lebenssituationen anpassen lassen<\/p>\n<\/li>\n<li data-start=\"3047\" data-end=\"3086\">\n<p data-start=\"3049\" data-end=\"3086\"><strong data-start=\"3049\" data-end=\"3084\">Hohe Bau- und Grundst\u00fcckskosten<\/strong><\/p>\n<\/li>\n<li data-start=\"3087\" data-end=\"3168\">\n<p data-start=\"3089\" data-end=\"3168\"><strong data-start=\"3089\" data-end=\"3114\">Regulatorische H\u00fcrden<\/strong> und langwierige Planungs- und Genehmigungsverfahren<\/p>\n<\/li>\n<li data-start=\"3169\" data-end=\"3231\">\n<p data-start=\"3171\" data-end=\"3231\"><strong data-start=\"3171\" data-end=\"3216\">Mangel an gemeinwohlorientierten Akteuren<\/strong> im Wohnungsbau<\/p>\n<\/li>\n<\/ul>\n<p data-start=\"3233\" data-end=\"3368\">Das Ergebnis ist eine wachsende Zahl von Haushalten, die in zu gro\u00dfen, zu kleinen, zu teuren oder nicht barrierefreien Wohnungen leben.<\/p>\n<h5 data-start=\"3375\" data-end=\"3420\"><strong>4. Politische und planerische Instrumente<\/strong><\/h5>\n<p data-start=\"3422\" data-end=\"3547\">Um auf diese Fehlentwicklungen zu reagieren, stehen Politik, Stadtplanung und Gesellschaft mehrere Instrumente zur Verf\u00fcgung:<\/p>\n<p data-start=\"3549\" data-end=\"3596\"><strong data-start=\"3549\" data-end=\"3594\">a) F\u00f6rderung des bezahlbaren Wohnungsbaus<\/strong><\/p>\n<ul data-start=\"3597\" data-end=\"3801\">\n<li data-start=\"3597\" data-end=\"3660\">\n<p data-start=\"3599\" data-end=\"3660\">Ausbau des sozialen und gemeinwohlorientierten Wohnungsbaus<\/p>\n<\/li>\n<li data-start=\"3661\" data-end=\"3738\">\n<p data-start=\"3663\" data-end=\"3738\">Zweckbindung \u00f6ffentlicher F\u00f6rdermittel an langfristige Mietpreisbindungen<\/p>\n<\/li>\n<li data-start=\"3739\" data-end=\"3801\">\n<p data-start=\"3741\" data-end=\"3801\">St\u00e4rkung kommunaler Wohnungsunternehmen und Genossenschaften<\/p>\n<\/li>\n<\/ul>\n<p data-start=\"3803\" data-end=\"3842\"><strong data-start=\"3803\" data-end=\"3840\">b) Bestandsentwicklung vor Neubau<\/strong><\/p>\n<ul data-start=\"3843\" data-end=\"4014\">\n<li data-start=\"3843\" data-end=\"3874\">\n<p data-start=\"3845\" data-end=\"3874\">Aktivierung von Leerst\u00e4nden<\/p>\n<\/li>\n<li data-start=\"3875\" data-end=\"3943\">\n<p data-start=\"3877\" data-end=\"3943\">Umnutzung nicht mehr ben\u00f6tigter Gewerbe- oder Verwaltungsgeb\u00e4ude<\/p>\n<\/li>\n<li data-start=\"3944\" data-end=\"4014\">\n<p data-start=\"3946\" data-end=\"4014\">F\u00f6rderung von Umbauten, Teilungen und Zusammenlegungen von Wohnungen<\/p>\n<\/li>\n<\/ul>\n<p data-start=\"4016\" data-end=\"4065\"><strong data-start=\"4016\" data-end=\"4063\">c) Flexible und anpassungsf\u00e4hige Wohnformen<\/strong><\/p>\n<ul data-start=\"4066\" data-end=\"4231\">\n<li data-start=\"4066\" data-end=\"4089\">\n<p data-start=\"4068\" data-end=\"4089\">Modulare Grundrisse<\/p>\n<\/li>\n<li data-start=\"4090\" data-end=\"4171\">\n<p data-start=\"4092\" data-end=\"4171\">Wohnungen, die sich mit geringem Aufwand an neue Lebensphasen anpassen lassen<\/p>\n<\/li>\n<li data-start=\"4172\" data-end=\"4231\">\n<p data-start=\"4174\" data-end=\"4231\">Mehrgenerationenh\u00e4user und gemeinschaftliche Wohnprojekte<\/p>\n<\/li>\n<\/ul>\n<p data-start=\"4233\" data-end=\"4282\"><strong data-start=\"4233\" data-end=\"4280\">d) Fl\u00e4chen- und ressourcenschonende Planung<\/strong><\/p>\n<ul data-start=\"4283\" data-end=\"4415\">\n<li data-start=\"4283\" data-end=\"4324\">\n<p data-start=\"4285\" data-end=\"4324\">Innenentwicklung vor Au\u00dfenentwicklung<\/p>\n<\/li>\n<li data-start=\"4325\" data-end=\"4370\">\n<p data-start=\"4327\" data-end=\"4370\">Nachverdichtung in bestehenden Quartieren<\/p>\n<\/li>\n<li data-start=\"4371\" data-end=\"4415\">\n<p data-start=\"4373\" data-end=\"4415\">Reduzierung des Fl\u00e4chenverbrauchs pro Kopf<\/p>\n<\/li>\n<\/ul>\n<p data-start=\"4417\" data-end=\"4458\"><strong data-start=\"4417\" data-end=\"4456\">e) St\u00e4rkung l\u00e4ndlicher Wohnangebote<\/strong><\/p>\n<ul data-start=\"4459\" data-end=\"4629\">\n<li data-start=\"4459\" data-end=\"4518\">\n<p data-start=\"4461\" data-end=\"4518\">F\u00f6rderung kleiner Mietwohnungen in Dorf- und Ortskernen<\/p>\n<\/li>\n<li data-start=\"4519\" data-end=\"4574\">\n<p data-start=\"4521\" data-end=\"4574\">Programme zur Revitalisierung leerstehender Geb\u00e4ude<\/p>\n<\/li>\n<li data-start=\"4575\" data-end=\"4629\">\n<p data-start=\"4577\" data-end=\"4629\">Anbindung an digitale und verkehrliche Infrastruktur<\/p>\n<\/li>\n<\/ul>\n<h5 data-start=\"4636\" data-end=\"4685\"><strong>5. Gesellschaftliche und kulturelle Dimension<\/strong><\/h5>\n<p data-start=\"4687\" data-end=\"4785\">Neben politischen und planerischen Ma\u00dfnahmen spielt auch ein gesellschaftlicher Wandel eine Rolle:<\/p>\n<ul data-start=\"4787\" data-end=\"5210\">\n<li data-start=\"4787\" data-end=\"4941\">\n<p data-start=\"4789\" data-end=\"4941\"><strong data-start=\"4789\" data-end=\"4810\">Neue Wohnkonzepte<\/strong> wie Co-Housing, Cluster-Wohnen oder Mehrgenerationenprojekte k\u00f6nnen Fl\u00e4chen effizienter nutzen und soziale Isolation reduzieren.<\/p>\n<\/li>\n<li data-start=\"4942\" data-end=\"5063\">\n<p data-start=\"4944\" data-end=\"5063\"><strong data-start=\"4944\" data-end=\"4982\">Akzeptanz f\u00fcr kleinere Wohnfl\u00e4chen<\/strong> und gemeinschaftlich genutzte R\u00e4ume kann zur Entlastung des Marktes beitragen.<\/p>\n<\/li>\n<li data-start=\"5064\" data-end=\"5210\">\n<p data-start=\"5066\" data-end=\"5210\"><strong data-start=\"5066\" data-end=\"5099\">B\u00fcrgerschaftliches Engagement<\/strong> und lokale Initiativen k\u00f6nnen Impulse f\u00fcr bedarfsgerechte Wohnprojekte geben, insbesondere im l\u00e4ndlichen Raum.<\/p>\n<\/li>\n<\/ul>\n<h5 data-start=\"5217\" data-end=\"5286\"><strong>6. Perspektiven f\u00fcr ein bedarfsgerechtes Wohnen in Stadt und Land<\/strong><\/h5>\n<p data-start=\"5288\" data-end=\"5565\">Ein zukunftsf\u00e4higer Wohnungsmarkt muss mehrere Ziele gleichzeitig erf\u00fcllen: Er muss bezahlbar, zug\u00e4nglich, bedarfsgerecht und ressourcenschonend sein. Daf\u00fcr sind integrierte Strategien erforderlich, die Stadt und Land nicht getrennt, sondern als funktionale Einheit betrachten.<\/p>\n<p data-start=\"5567\" data-end=\"5591\">Zentrale Bausteine sind:<\/p>\n<ul data-start=\"5592\" data-end=\"5870\">\n<li data-start=\"5592\" data-end=\"5651\">\n<p data-start=\"5594\" data-end=\"5651\">eine konsequente Ausrichtung an realen Lebensverl\u00e4ufen,<\/p>\n<\/li>\n<li data-start=\"5652\" data-end=\"5709\">\n<p data-start=\"5654\" data-end=\"5709\">die St\u00e4rkung des gemeinwohlorientierten Wohnungsbaus,<\/p>\n<\/li>\n<li data-start=\"5710\" data-end=\"5774\">\n<p data-start=\"5712\" data-end=\"5774\">die intelligente Nutzung und Weiterentwicklung des Bestands,<\/p>\n<\/li>\n<li data-start=\"5775\" data-end=\"5870\">\n<p data-start=\"5777\" data-end=\"5870\">sowie eine Raumplanung, die soziale, \u00f6kologische und \u00f6konomische Ziele miteinander verbindet.<\/p>\n<\/li>\n<\/ul>\n<p data-start=\"5877\" data-end=\"6374\" data-is-last-node=\"\" data-is-only-node=\"\"><strong data-start=\"5877\" data-end=\"5886\">Fazit<\/strong><br data-start=\"5886\" data-end=\"5889\" \/>Die Diskrepanz zwischen Wohnangebot und Wohnbedarf ist kein Randph\u00e4nomen, sondern Ausdruck struktureller Defizite im Wohnungsmarkt. Biografische Umbr\u00fcche machen diese Defizite besonders sichtbar. Um bezahlbares und passendes Wohnen in Stadt und Land zu erm\u00f6glichen, bedarf es eines koordinierten Zusammenspiels von Politik, Planung, Wirtschaft und Zivilgesellschaft. Nur so lassen sich Wohnformen entwickeln, die den vielf\u00e4ltigen Lebensrealit\u00e4ten gerecht werden \u2013 heute und in Zukunft.<\/p>\n<\/div><div class=\"fusion-testimonials classic fusion-testimonials-1\" style=\"--awb-textcolor:var(--awb-color8);--awb-backgroundcolor:var(--awb-color1);\" data-random=\"0\" data-speed=\"4000\"><div class=\"reviews\"><div class=\"review active-testimonial avatar-image\"><blockquote><q class=\"fusion-clearfix\"><\/q><\/blockquote><div class=\"author\"><span class=\"testimonial-thumbnail\"><img decoding=\"async\" class=\"testimonial-image\" src=\"https:\/\/www.staedtebau-chemnitz.de\/wp-content\/uploads\/2021\/03\/cropped-ICON.jpg\" width=\"512\" height=\"512\" alt=\"B\u00fcro f\u00fcr St\u00e4dtebau GmbH Chemnitz\" \/><\/span><span class=\"company-name\"><strong>B\u00fcro f\u00fcr St\u00e4dtebau GmbH Chemnitz<\/strong><\/span><\/div><\/div><\/div><\/div><div class=\"fusion-separator fusion-full-width-sep\" style=\"align-self: center;margin-left: auto;margin-right: auto;margin-bottom:20px;width:100%;\"><\/div><div ><a class=\"fusion-button button-flat fusion-button-default-size button-default fusion-button-default button-1 fusion-button-default-span fusion-button-default-type\" target=\"_self\" href=\"https:\/\/www.staedtebau-chemnitz.de\/index.php\/blog-2\/\"><span class=\"fusion-button-text\">Zur\u00fcck<\/span><\/a><\/div><div class=\"fusion-separator fusion-full-width-sep\" style=\"align-self: center;margin-left: auto;margin-right: auto;margin-bottom:20px;width:100%;\"><\/div><\/div><\/div><\/div><\/div>\n","protected":false},"excerpt":{"rendered":"","protected":false},"author":2,"featured_media":10910,"comment_status":"closed","ping_status":"open","sticky":false,"template":"","format":"standard","meta":{"inline_featured_image":false,"footnotes":""},"categories":[38],"tags":[],"class_list":["post-10907","post","type-post","status-publish","format-standard","has-post-thumbnail","hentry","category-trends-zukunftstadt"],"yoast_head":"<!-- This site is optimized with the Yoast SEO plugin v27.4 - https:\/\/yoast.com\/product\/yoast-seo-wordpress\/ -->\n<title>Wohnbedarfe in Stadt und Land: Wie sich biografische Umbr\u00fcche im Wohnungsmarkt widerspiegeln - B\u00fcro f\u00fcr St\u00e4dtebau GmbH Chemnitz<\/title>\n<meta name=\"description\" content=\"Der Wohnungsmarkt steht seit Jahren unter erheblichem Druck. Steigende Mieten, Wohnungsknappheit in Ballungsr\u00e4umen und strukturelle Defizite im l\u00e4ndlichen Raum f\u00fchren dazu, dass viele Menschen in Wohnverh\u00e4ltnissen leben, die nicht zu ihrer aktuellen Lebenssituation passen. Biografische \u00dcberg\u00e4nge \u2013 etwa der Auszug aus dem Elternhaus, die Familiengr\u00fcndung, Trennung, Ruhestand oder Pflegebed\u00fcrftigkeit \u2013 gehen mit ver\u00e4nderten Wohnbedarfen einher. Der Markt reagiert darauf bislang nur unzureichend. Die Folgen sind r\u00e4umliche Fehlentwicklungen, soziale Ungleichheiten und eine wachsende Diskrepanz zwischen Angebot und Bedarf.\" \/>\n<meta name=\"robots\" content=\"index, follow, max-snippet:-1, max-image-preview:large, max-video-preview:-1\" \/>\n<link rel=\"canonical\" href=\"https:\/\/www.staedtebau-chemnitz.de\/index.php\/wohnbedarfe-in-stadt-und-land-wie-sich-biografische-umbrueche-im-wohnungsmarkt-widerspiegeln\/\" \/>\n<meta property=\"og:locale\" content=\"de_DE\" \/>\n<meta property=\"og:type\" content=\"article\" \/>\n<meta property=\"og:title\" content=\"Wohnbedarfe in Stadt und Land: Wie sich biografische Umbr\u00fcche im Wohnungsmarkt widerspiegeln - B\u00fcro f\u00fcr St\u00e4dtebau GmbH Chemnitz\" \/>\n<meta property=\"og:description\" content=\"Der Wohnungsmarkt steht seit Jahren unter erheblichem Druck. Steigende Mieten, Wohnungsknappheit in Ballungsr\u00e4umen und strukturelle Defizite im l\u00e4ndlichen Raum f\u00fchren dazu, dass viele Menschen in Wohnverh\u00e4ltnissen leben, die nicht zu ihrer aktuellen Lebenssituation passen. Biografische \u00dcberg\u00e4nge \u2013 etwa der Auszug aus dem Elternhaus, die Familiengr\u00fcndung, Trennung, Ruhestand oder Pflegebed\u00fcrftigkeit \u2013 gehen mit ver\u00e4nderten Wohnbedarfen einher. Der Markt reagiert darauf bislang nur unzureichend. Die Folgen sind r\u00e4umliche Fehlentwicklungen, soziale Ungleichheiten und eine wachsende Diskrepanz zwischen Angebot und Bedarf.\" \/>\n<meta property=\"og:url\" content=\"https:\/\/www.staedtebau-chemnitz.de\/index.php\/wohnbedarfe-in-stadt-und-land-wie-sich-biografische-umbrueche-im-wohnungsmarkt-widerspiegeln\/\" \/>\n<meta property=\"og:site_name\" content=\"B\u00fcro f\u00fcr St\u00e4dtebau GmbH Chemnitz\" \/>\n<meta property=\"article:published_time\" content=\"2026-02-09T05:00:27+00:00\" \/>\n<meta property=\"og:image\" content=\"https:\/\/www.staedtebau-chemnitz.de\/wp-content\/uploads\/2026\/02\/aarhus-5258843_1280.jpg\" \/>\n\t<meta property=\"og:image:width\" content=\"1280\" \/>\n\t<meta property=\"og:image:height\" content=\"960\" \/>\n\t<meta property=\"og:image:type\" content=\"image\/jpeg\" \/>\n<meta name=\"author\" content=\"B\u00fcro St\u00e4dtebau\" \/>\n<meta name=\"twitter:card\" content=\"summary_large_image\" \/>\n<meta name=\"twitter:label1\" content=\"Verfasst von\" \/>\n\t<meta name=\"twitter:data1\" content=\"B\u00fcro St\u00e4dtebau\" \/>\n\t<meta name=\"twitter:label2\" content=\"Gesch\u00e4tzte Lesezeit\" \/>\n\t<meta name=\"twitter:data2\" content=\"5\u00a0Minuten\" \/>\n<script type=\"application\/ld+json\" class=\"yoast-schema-graph\">{\"@context\":\"https:\\\/\\\/schema.org\",\"@graph\":[{\"@type\":\"Article\",\"@id\":\"https:\\\/\\\/www.staedtebau-chemnitz.de\\\/index.php\\\/wohnbedarfe-in-stadt-und-land-wie-sich-biografische-umbrueche-im-wohnungsmarkt-widerspiegeln\\\/#article\",\"isPartOf\":{\"@id\":\"https:\\\/\\\/www.staedtebau-chemnitz.de\\\/index.php\\\/wohnbedarfe-in-stadt-und-land-wie-sich-biografische-umbrueche-im-wohnungsmarkt-widerspiegeln\\\/\"},\"author\":{\"name\":\"B\u00fcro St\u00e4dtebau\",\"@id\":\"https:\\\/\\\/www.staedtebau-chemnitz.de\\\/#\\\/schema\\\/person\\\/c3fcd44a3690047f2b77986abb9c0ffb\"},\"headline\":\"Wohnbedarfe in Stadt und Land: Wie sich biografische Umbr\u00fcche im Wohnungsmarkt widerspiegeln\",\"datePublished\":\"2026-02-09T05:00:27+00:00\",\"mainEntityOfPage\":{\"@id\":\"https:\\\/\\\/www.staedtebau-chemnitz.de\\\/index.php\\\/wohnbedarfe-in-stadt-und-land-wie-sich-biografische-umbrueche-im-wohnungsmarkt-widerspiegeln\\\/\"},\"wordCount\":2082,\"publisher\":{\"@id\":\"https:\\\/\\\/www.staedtebau-chemnitz.de\\\/#organization\"},\"image\":{\"@id\":\"https:\\\/\\\/www.staedtebau-chemnitz.de\\\/index.php\\\/wohnbedarfe-in-stadt-und-land-wie-sich-biografische-umbrueche-im-wohnungsmarkt-widerspiegeln\\\/#primaryimage\"},\"thumbnailUrl\":\"https:\\\/\\\/www.staedtebau-chemnitz.de\\\/wp-content\\\/uploads\\\/2026\\\/02\\\/aarhus-5258843_1280.jpg\",\"articleSection\":[\"Trends \\\"ZukunftStadt\\\"\"],\"inLanguage\":\"de\"},{\"@type\":\"WebPage\",\"@id\":\"https:\\\/\\\/www.staedtebau-chemnitz.de\\\/index.php\\\/wohnbedarfe-in-stadt-und-land-wie-sich-biografische-umbrueche-im-wohnungsmarkt-widerspiegeln\\\/\",\"url\":\"https:\\\/\\\/www.staedtebau-chemnitz.de\\\/index.php\\\/wohnbedarfe-in-stadt-und-land-wie-sich-biografische-umbrueche-im-wohnungsmarkt-widerspiegeln\\\/\",\"name\":\"Wohnbedarfe in Stadt und Land: Wie sich biografische Umbr\u00fcche im Wohnungsmarkt widerspiegeln - B\u00fcro f\u00fcr St\u00e4dtebau GmbH Chemnitz\",\"isPartOf\":{\"@id\":\"https:\\\/\\\/www.staedtebau-chemnitz.de\\\/#website\"},\"primaryImageOfPage\":{\"@id\":\"https:\\\/\\\/www.staedtebau-chemnitz.de\\\/index.php\\\/wohnbedarfe-in-stadt-und-land-wie-sich-biografische-umbrueche-im-wohnungsmarkt-widerspiegeln\\\/#primaryimage\"},\"image\":{\"@id\":\"https:\\\/\\\/www.staedtebau-chemnitz.de\\\/index.php\\\/wohnbedarfe-in-stadt-und-land-wie-sich-biografische-umbrueche-im-wohnungsmarkt-widerspiegeln\\\/#primaryimage\"},\"thumbnailUrl\":\"https:\\\/\\\/www.staedtebau-chemnitz.de\\\/wp-content\\\/uploads\\\/2026\\\/02\\\/aarhus-5258843_1280.jpg\",\"datePublished\":\"2026-02-09T05:00:27+00:00\",\"description\":\"Der Wohnungsmarkt steht seit Jahren unter erheblichem Druck. Steigende Mieten, Wohnungsknappheit in Ballungsr\u00e4umen und strukturelle Defizite im l\u00e4ndlichen Raum f\u00fchren dazu, dass viele Menschen in Wohnverh\u00e4ltnissen leben, die nicht zu ihrer aktuellen Lebenssituation passen. Biografische \u00dcberg\u00e4nge \u2013 etwa der Auszug aus dem Elternhaus, die Familiengr\u00fcndung, Trennung, Ruhestand oder Pflegebed\u00fcrftigkeit \u2013 gehen mit ver\u00e4nderten Wohnbedarfen einher. Der Markt reagiert darauf bislang nur unzureichend. Die Folgen sind r\u00e4umliche Fehlentwicklungen, soziale Ungleichheiten und eine wachsende Diskrepanz zwischen Angebot und Bedarf.\",\"breadcrumb\":{\"@id\":\"https:\\\/\\\/www.staedtebau-chemnitz.de\\\/index.php\\\/wohnbedarfe-in-stadt-und-land-wie-sich-biografische-umbrueche-im-wohnungsmarkt-widerspiegeln\\\/#breadcrumb\"},\"inLanguage\":\"de\",\"potentialAction\":[{\"@type\":\"ReadAction\",\"target\":[\"https:\\\/\\\/www.staedtebau-chemnitz.de\\\/index.php\\\/wohnbedarfe-in-stadt-und-land-wie-sich-biografische-umbrueche-im-wohnungsmarkt-widerspiegeln\\\/\"]}]},{\"@type\":\"ImageObject\",\"inLanguage\":\"de\",\"@id\":\"https:\\\/\\\/www.staedtebau-chemnitz.de\\\/index.php\\\/wohnbedarfe-in-stadt-und-land-wie-sich-biografische-umbrueche-im-wohnungsmarkt-widerspiegeln\\\/#primaryimage\",\"url\":\"https:\\\/\\\/www.staedtebau-chemnitz.de\\\/wp-content\\\/uploads\\\/2026\\\/02\\\/aarhus-5258843_1280.jpg\",\"contentUrl\":\"https:\\\/\\\/www.staedtebau-chemnitz.de\\\/wp-content\\\/uploads\\\/2026\\\/02\\\/aarhus-5258843_1280.jpg\",\"width\":1280,\"height\":960,\"caption\":\"Wohnbedarfe in Stadt und Land B\u00fcro f\u00fcr St\u00e4dtebau GmbH Chemnitz Stadtplanung Stadtentwicklung Wohnungsbauunternehmen Wohnungsbaugenossenschaften\"},{\"@type\":\"BreadcrumbList\",\"@id\":\"https:\\\/\\\/www.staedtebau-chemnitz.de\\\/index.php\\\/wohnbedarfe-in-stadt-und-land-wie-sich-biografische-umbrueche-im-wohnungsmarkt-widerspiegeln\\\/#breadcrumb\",\"itemListElement\":[{\"@type\":\"ListItem\",\"position\":1,\"name\":\"Startseite\",\"item\":\"https:\\\/\\\/www.staedtebau-chemnitz.de\\\/\"},{\"@type\":\"ListItem\",\"position\":2,\"name\":\"Wohnbedarfe in Stadt und Land: Wie sich biografische Umbr\u00fcche im Wohnungsmarkt widerspiegeln\"}]},{\"@type\":\"WebSite\",\"@id\":\"https:\\\/\\\/www.staedtebau-chemnitz.de\\\/#website\",\"url\":\"https:\\\/\\\/www.staedtebau-chemnitz.de\\\/\",\"name\":\"B\u00fcro f\u00fcr St\u00e4dtebau GmbH Chemnitz\",\"description\":\"ganzheitliche Stadtentwicklung Bauleitplanung l\u00e4ndliche Raumplanung\",\"publisher\":{\"@id\":\"https:\\\/\\\/www.staedtebau-chemnitz.de\\\/#organization\"},\"potentialAction\":[{\"@type\":\"SearchAction\",\"target\":{\"@type\":\"EntryPoint\",\"urlTemplate\":\"https:\\\/\\\/www.staedtebau-chemnitz.de\\\/?s={search_term_string}\"},\"query-input\":{\"@type\":\"PropertyValueSpecification\",\"valueRequired\":true,\"valueName\":\"search_term_string\"}}],\"inLanguage\":\"de\"},{\"@type\":\"Organization\",\"@id\":\"https:\\\/\\\/www.staedtebau-chemnitz.de\\\/#organization\",\"name\":\"B\u00fcro f\u00fcr St\u00e4dtebau GmbH Chemnitz\",\"url\":\"https:\\\/\\\/www.staedtebau-chemnitz.de\\\/\",\"logo\":{\"@type\":\"ImageObject\",\"inLanguage\":\"de\",\"@id\":\"https:\\\/\\\/www.staedtebau-chemnitz.de\\\/#\\\/schema\\\/logo\\\/image\\\/\",\"url\":\"https:\\\/\\\/www.staedtebau-chemnitz.de\\\/wp-content\\\/uploads\\\/2022\\\/05\\\/Logo_Staedtebau_4c.png\",\"contentUrl\":\"https:\\\/\\\/www.staedtebau-chemnitz.de\\\/wp-content\\\/uploads\\\/2022\\\/05\\\/Logo_Staedtebau_4c.png\",\"width\":1217,\"height\":1077,\"caption\":\"B\u00fcro f\u00fcr St\u00e4dtebau GmbH Chemnitz\"},\"image\":{\"@id\":\"https:\\\/\\\/www.staedtebau-chemnitz.de\\\/#\\\/schema\\\/logo\\\/image\\\/\"}},{\"@type\":\"Person\",\"@id\":\"https:\\\/\\\/www.staedtebau-chemnitz.de\\\/#\\\/schema\\\/person\\\/c3fcd44a3690047f2b77986abb9c0ffb\",\"name\":\"B\u00fcro St\u00e4dtebau\",\"image\":{\"@type\":\"ImageObject\",\"inLanguage\":\"de\",\"@id\":\"https:\\\/\\\/secure.gravatar.com\\\/avatar\\\/06c9af5c5d99de06803ff3c2392048a02af40bb42a0e069eb2419377299f378a?s=96&d=mm&r=g\",\"url\":\"https:\\\/\\\/secure.gravatar.com\\\/avatar\\\/06c9af5c5d99de06803ff3c2392048a02af40bb42a0e069eb2419377299f378a?s=96&d=mm&r=g\",\"contentUrl\":\"https:\\\/\\\/secure.gravatar.com\\\/avatar\\\/06c9af5c5d99de06803ff3c2392048a02af40bb42a0e069eb2419377299f378a?s=96&d=mm&r=g\",\"caption\":\"B\u00fcro St\u00e4dtebau\"},\"description\":\"B\u00fcro f\u00fcr St\u00e4dtebau\",\"url\":\"https:\\\/\\\/www.staedtebau-chemnitz.de\\\/index.php\\\/author\\\/bfsadmin\\\/\"}]}<\/script>\n<!-- \/ Yoast SEO plugin. -->","yoast_head_json":{"title":"Wohnbedarfe in Stadt und Land: Wie sich biografische Umbr\u00fcche im Wohnungsmarkt widerspiegeln - B\u00fcro f\u00fcr St\u00e4dtebau GmbH Chemnitz","description":"Der Wohnungsmarkt steht seit Jahren unter erheblichem Druck. Steigende Mieten, Wohnungsknappheit in Ballungsr\u00e4umen und strukturelle Defizite im l\u00e4ndlichen Raum f\u00fchren dazu, dass viele Menschen in Wohnverh\u00e4ltnissen leben, die nicht zu ihrer aktuellen Lebenssituation passen. Biografische \u00dcberg\u00e4nge \u2013 etwa der Auszug aus dem Elternhaus, die Familiengr\u00fcndung, Trennung, Ruhestand oder Pflegebed\u00fcrftigkeit \u2013 gehen mit ver\u00e4nderten Wohnbedarfen einher. Der Markt reagiert darauf bislang nur unzureichend. Die Folgen sind r\u00e4umliche Fehlentwicklungen, soziale Ungleichheiten und eine wachsende Diskrepanz zwischen Angebot und Bedarf.","robots":{"index":"index","follow":"follow","max-snippet":"max-snippet:-1","max-image-preview":"max-image-preview:large","max-video-preview":"max-video-preview:-1"},"canonical":"https:\/\/www.staedtebau-chemnitz.de\/index.php\/wohnbedarfe-in-stadt-und-land-wie-sich-biografische-umbrueche-im-wohnungsmarkt-widerspiegeln\/","og_locale":"de_DE","og_type":"article","og_title":"Wohnbedarfe in Stadt und Land: Wie sich biografische Umbr\u00fcche im Wohnungsmarkt widerspiegeln - B\u00fcro f\u00fcr St\u00e4dtebau GmbH Chemnitz","og_description":"Der Wohnungsmarkt steht seit Jahren unter erheblichem Druck. Steigende Mieten, Wohnungsknappheit in Ballungsr\u00e4umen und strukturelle Defizite im l\u00e4ndlichen Raum f\u00fchren dazu, dass viele Menschen in Wohnverh\u00e4ltnissen leben, die nicht zu ihrer aktuellen Lebenssituation passen. Biografische \u00dcberg\u00e4nge \u2013 etwa der Auszug aus dem Elternhaus, die Familiengr\u00fcndung, Trennung, Ruhestand oder Pflegebed\u00fcrftigkeit \u2013 gehen mit ver\u00e4nderten Wohnbedarfen einher. Der Markt reagiert darauf bislang nur unzureichend. Die Folgen sind r\u00e4umliche Fehlentwicklungen, soziale Ungleichheiten und eine wachsende Diskrepanz zwischen Angebot und Bedarf.","og_url":"https:\/\/www.staedtebau-chemnitz.de\/index.php\/wohnbedarfe-in-stadt-und-land-wie-sich-biografische-umbrueche-im-wohnungsmarkt-widerspiegeln\/","og_site_name":"B\u00fcro f\u00fcr St\u00e4dtebau GmbH Chemnitz","article_published_time":"2026-02-09T05:00:27+00:00","og_image":[{"width":1280,"height":960,"url":"https:\/\/www.staedtebau-chemnitz.de\/wp-content\/uploads\/2026\/02\/aarhus-5258843_1280.jpg","type":"image\/jpeg"}],"author":"B\u00fcro St\u00e4dtebau","twitter_card":"summary_large_image","twitter_misc":{"Verfasst von":"B\u00fcro St\u00e4dtebau","Gesch\u00e4tzte Lesezeit":"5\u00a0Minuten"},"schema":{"@context":"https:\/\/schema.org","@graph":[{"@type":"Article","@id":"https:\/\/www.staedtebau-chemnitz.de\/index.php\/wohnbedarfe-in-stadt-und-land-wie-sich-biografische-umbrueche-im-wohnungsmarkt-widerspiegeln\/#article","isPartOf":{"@id":"https:\/\/www.staedtebau-chemnitz.de\/index.php\/wohnbedarfe-in-stadt-und-land-wie-sich-biografische-umbrueche-im-wohnungsmarkt-widerspiegeln\/"},"author":{"name":"B\u00fcro St\u00e4dtebau","@id":"https:\/\/www.staedtebau-chemnitz.de\/#\/schema\/person\/c3fcd44a3690047f2b77986abb9c0ffb"},"headline":"Wohnbedarfe in Stadt und Land: Wie sich biografische Umbr\u00fcche im Wohnungsmarkt widerspiegeln","datePublished":"2026-02-09T05:00:27+00:00","mainEntityOfPage":{"@id":"https:\/\/www.staedtebau-chemnitz.de\/index.php\/wohnbedarfe-in-stadt-und-land-wie-sich-biografische-umbrueche-im-wohnungsmarkt-widerspiegeln\/"},"wordCount":2082,"publisher":{"@id":"https:\/\/www.staedtebau-chemnitz.de\/#organization"},"image":{"@id":"https:\/\/www.staedtebau-chemnitz.de\/index.php\/wohnbedarfe-in-stadt-und-land-wie-sich-biografische-umbrueche-im-wohnungsmarkt-widerspiegeln\/#primaryimage"},"thumbnailUrl":"https:\/\/www.staedtebau-chemnitz.de\/wp-content\/uploads\/2026\/02\/aarhus-5258843_1280.jpg","articleSection":["Trends \"ZukunftStadt\""],"inLanguage":"de"},{"@type":"WebPage","@id":"https:\/\/www.staedtebau-chemnitz.de\/index.php\/wohnbedarfe-in-stadt-und-land-wie-sich-biografische-umbrueche-im-wohnungsmarkt-widerspiegeln\/","url":"https:\/\/www.staedtebau-chemnitz.de\/index.php\/wohnbedarfe-in-stadt-und-land-wie-sich-biografische-umbrueche-im-wohnungsmarkt-widerspiegeln\/","name":"Wohnbedarfe in Stadt und Land: Wie sich biografische Umbr\u00fcche im Wohnungsmarkt widerspiegeln - B\u00fcro f\u00fcr St\u00e4dtebau GmbH Chemnitz","isPartOf":{"@id":"https:\/\/www.staedtebau-chemnitz.de\/#website"},"primaryImageOfPage":{"@id":"https:\/\/www.staedtebau-chemnitz.de\/index.php\/wohnbedarfe-in-stadt-und-land-wie-sich-biografische-umbrueche-im-wohnungsmarkt-widerspiegeln\/#primaryimage"},"image":{"@id":"https:\/\/www.staedtebau-chemnitz.de\/index.php\/wohnbedarfe-in-stadt-und-land-wie-sich-biografische-umbrueche-im-wohnungsmarkt-widerspiegeln\/#primaryimage"},"thumbnailUrl":"https:\/\/www.staedtebau-chemnitz.de\/wp-content\/uploads\/2026\/02\/aarhus-5258843_1280.jpg","datePublished":"2026-02-09T05:00:27+00:00","description":"Der Wohnungsmarkt steht seit Jahren unter erheblichem Druck. Steigende Mieten, Wohnungsknappheit in Ballungsr\u00e4umen und strukturelle Defizite im l\u00e4ndlichen Raum f\u00fchren dazu, dass viele Menschen in Wohnverh\u00e4ltnissen leben, die nicht zu ihrer aktuellen Lebenssituation passen. Biografische \u00dcberg\u00e4nge \u2013 etwa der Auszug aus dem Elternhaus, die Familiengr\u00fcndung, Trennung, Ruhestand oder Pflegebed\u00fcrftigkeit \u2013 gehen mit ver\u00e4nderten Wohnbedarfen einher. Der Markt reagiert darauf bislang nur unzureichend. Die Folgen sind r\u00e4umliche Fehlentwicklungen, soziale Ungleichheiten und eine wachsende Diskrepanz zwischen Angebot und Bedarf.","breadcrumb":{"@id":"https:\/\/www.staedtebau-chemnitz.de\/index.php\/wohnbedarfe-in-stadt-und-land-wie-sich-biografische-umbrueche-im-wohnungsmarkt-widerspiegeln\/#breadcrumb"},"inLanguage":"de","potentialAction":[{"@type":"ReadAction","target":["https:\/\/www.staedtebau-chemnitz.de\/index.php\/wohnbedarfe-in-stadt-und-land-wie-sich-biografische-umbrueche-im-wohnungsmarkt-widerspiegeln\/"]}]},{"@type":"ImageObject","inLanguage":"de","@id":"https:\/\/www.staedtebau-chemnitz.de\/index.php\/wohnbedarfe-in-stadt-und-land-wie-sich-biografische-umbrueche-im-wohnungsmarkt-widerspiegeln\/#primaryimage","url":"https:\/\/www.staedtebau-chemnitz.de\/wp-content\/uploads\/2026\/02\/aarhus-5258843_1280.jpg","contentUrl":"https:\/\/www.staedtebau-chemnitz.de\/wp-content\/uploads\/2026\/02\/aarhus-5258843_1280.jpg","width":1280,"height":960,"caption":"Wohnbedarfe in Stadt und Land B\u00fcro f\u00fcr St\u00e4dtebau GmbH Chemnitz Stadtplanung Stadtentwicklung Wohnungsbauunternehmen Wohnungsbaugenossenschaften"},{"@type":"BreadcrumbList","@id":"https:\/\/www.staedtebau-chemnitz.de\/index.php\/wohnbedarfe-in-stadt-und-land-wie-sich-biografische-umbrueche-im-wohnungsmarkt-widerspiegeln\/#breadcrumb","itemListElement":[{"@type":"ListItem","position":1,"name":"Startseite","item":"https:\/\/www.staedtebau-chemnitz.de\/"},{"@type":"ListItem","position":2,"name":"Wohnbedarfe in Stadt und Land: Wie sich biografische Umbr\u00fcche im Wohnungsmarkt widerspiegeln"}]},{"@type":"WebSite","@id":"https:\/\/www.staedtebau-chemnitz.de\/#website","url":"https:\/\/www.staedtebau-chemnitz.de\/","name":"B\u00fcro f\u00fcr St\u00e4dtebau GmbH Chemnitz","description":"ganzheitliche Stadtentwicklung Bauleitplanung l\u00e4ndliche Raumplanung","publisher":{"@id":"https:\/\/www.staedtebau-chemnitz.de\/#organization"},"potentialAction":[{"@type":"SearchAction","target":{"@type":"EntryPoint","urlTemplate":"https:\/\/www.staedtebau-chemnitz.de\/?s={search_term_string}"},"query-input":{"@type":"PropertyValueSpecification","valueRequired":true,"valueName":"search_term_string"}}],"inLanguage":"de"},{"@type":"Organization","@id":"https:\/\/www.staedtebau-chemnitz.de\/#organization","name":"B\u00fcro f\u00fcr St\u00e4dtebau GmbH Chemnitz","url":"https:\/\/www.staedtebau-chemnitz.de\/","logo":{"@type":"ImageObject","inLanguage":"de","@id":"https:\/\/www.staedtebau-chemnitz.de\/#\/schema\/logo\/image\/","url":"https:\/\/www.staedtebau-chemnitz.de\/wp-content\/uploads\/2022\/05\/Logo_Staedtebau_4c.png","contentUrl":"https:\/\/www.staedtebau-chemnitz.de\/wp-content\/uploads\/2022\/05\/Logo_Staedtebau_4c.png","width":1217,"height":1077,"caption":"B\u00fcro f\u00fcr St\u00e4dtebau GmbH Chemnitz"},"image":{"@id":"https:\/\/www.staedtebau-chemnitz.de\/#\/schema\/logo\/image\/"}},{"@type":"Person","@id":"https:\/\/www.staedtebau-chemnitz.de\/#\/schema\/person\/c3fcd44a3690047f2b77986abb9c0ffb","name":"B\u00fcro St\u00e4dtebau","image":{"@type":"ImageObject","inLanguage":"de","@id":"https:\/\/secure.gravatar.com\/avatar\/06c9af5c5d99de06803ff3c2392048a02af40bb42a0e069eb2419377299f378a?s=96&d=mm&r=g","url":"https:\/\/secure.gravatar.com\/avatar\/06c9af5c5d99de06803ff3c2392048a02af40bb42a0e069eb2419377299f378a?s=96&d=mm&r=g","contentUrl":"https:\/\/secure.gravatar.com\/avatar\/06c9af5c5d99de06803ff3c2392048a02af40bb42a0e069eb2419377299f378a?s=96&d=mm&r=g","caption":"B\u00fcro St\u00e4dtebau"},"description":"B\u00fcro f\u00fcr St\u00e4dtebau","url":"https:\/\/www.staedtebau-chemnitz.de\/index.php\/author\/bfsadmin\/"}]}},"_links":{"self":[{"href":"https:\/\/www.staedtebau-chemnitz.de\/index.php\/wp-json\/wp\/v2\/posts\/10907","targetHints":{"allow":["GET"]}}],"collection":[{"href":"https:\/\/www.staedtebau-chemnitz.de\/index.php\/wp-json\/wp\/v2\/posts"}],"about":[{"href":"https:\/\/www.staedtebau-chemnitz.de\/index.php\/wp-json\/wp\/v2\/types\/post"}],"author":[{"embeddable":true,"href":"https:\/\/www.staedtebau-chemnitz.de\/index.php\/wp-json\/wp\/v2\/users\/2"}],"replies":[{"embeddable":true,"href":"https:\/\/www.staedtebau-chemnitz.de\/index.php\/wp-json\/wp\/v2\/comments?post=10907"}],"version-history":[{"count":2,"href":"https:\/\/www.staedtebau-chemnitz.de\/index.php\/wp-json\/wp\/v2\/posts\/10907\/revisions"}],"predecessor-version":[{"id":10909,"href":"https:\/\/www.staedtebau-chemnitz.de\/index.php\/wp-json\/wp\/v2\/posts\/10907\/revisions\/10909"}],"wp:featuredmedia":[{"embeddable":true,"href":"https:\/\/www.staedtebau-chemnitz.de\/index.php\/wp-json\/wp\/v2\/media\/10910"}],"wp:attachment":[{"href":"https:\/\/www.staedtebau-chemnitz.de\/index.php\/wp-json\/wp\/v2\/media?parent=10907"}],"wp:term":[{"taxonomy":"category","embeddable":true,"href":"https:\/\/www.staedtebau-chemnitz.de\/index.php\/wp-json\/wp\/v2\/categories?post=10907"},{"taxonomy":"post_tag","embeddable":true,"href":"https:\/\/www.staedtebau-chemnitz.de\/index.php\/wp-json\/wp\/v2\/tags?post=10907"}],"curies":[{"name":"wp","href":"https:\/\/api.w.org\/{rel}","templated":true}]}}